{"id":54605,"date":"2025-04-09T14:22:14","date_gmt":"2025-04-09T14:22:14","guid":{"rendered":"https:\/\/dekkbi.com\/?p=54605"},"modified":"2025-04-09T14:22:15","modified_gmt":"2025-04-09T14:22:15","slug":"pratiques-illegales-retard-institutionnel-et-manque-de-soutien-etatique-la-profession-de-geometre-en-peril-au-senegal","status":"publish","type":"post","link":"https:\/\/dekkbi.com\/?p=54605","title":{"rendered":"Pratiques ill\u00e9gales, retard institutionnel et manque de soutien \u00e9tatique : la profession de g\u00e9om\u00e8tre en p\u00e9ril au S\u00e9n\u00e9gal"},"content":{"rendered":"\n<p><strong>Dakar accueille depuis hier, mardi, les 72 heures du g\u00e9om\u00e8tre-expert, un \u00e9v\u00e9nement de r\u00e9f\u00e9rence qui permet aux professionnels du secteur d\u2019examiner en profondeur les d\u00e9fis li\u00e9s \u00e0 l\u2019exercice de leur m\u00e9tier.<\/strong><\/p>\n\n\n\n<p>L\u2019exercice de la profession de g\u00e9om\u00e8tre au S\u00e9n\u00e9gal est sous la menace des pratiques ill\u00e9gales, du retard institutionnel et du manque de soutien \u00e9tatique, constatent les experts g\u00e9om\u00e8tres du S\u00e9n\u00e9gal r\u00e9unis autour du th\u00e8me choisi pour cette toute premi\u00e8re \u00e9dition.&nbsp; \u00ab Le g\u00e9om\u00e8tre-expert, votre partenaire pour un environnement r\u00e9silient et un foncier s\u00e9curis\u00e9 \u00bb, met en exergue l\u2019importance strat\u00e9gique de cette profession dans la planification du territoire et la gestion durable des ressources fonci\u00e8res. Professionnel hautement qualifi\u00e9, le g\u00e9om\u00e8tre-expert est un sp\u00e9cialiste des sciences de la mesure et de la repr\u00e9sentation de l\u2019espace. Il intervient en amont de tout projet d\u2019am\u00e9nagement qu\u2019il soit domanial, urbain, rural, minier ou infrastructurel pour \u00e9tablir des plans pr\u00e9cis et fournir une documentation essentielle \u00e0 la s\u00e9curisation des espaces et \u00e0 leur mise en valeur. Son r\u00f4le d\u00e9passe celui de simple technicien : il est \u00e0 la fois conseiller, m\u00e9diateur, concepteur et expert, et contribue ainsi \u00e0 la mise en \u0153uvre de politiques d\u2019am\u00e9nagement durables et \u00e9quitables, ont dit les acteurs. Et de poursuivre&nbsp;: \u00ab&nbsp;Gr\u00e2ce \u00e0 une cartographie rigoureuse et une connaissance fine du territoire, le g\u00e9om\u00e8tre participe \u00e0 la r\u00e9silience \u00e9cologique, en facilitant une gestion coh\u00e9rente des \u00e9cosyst\u00e8mes face aux perturbations climatiques et anthropiques&nbsp;\u00bb.<\/p>\n\n\n\n<p>Qui plus est, en mati\u00e8re de gouvernance fonci\u00e8re, \u00ab&nbsp;son intervention garantit la clart\u00e9 des d\u00e9limitations, la fiabilit\u00e9 des transactions et la stabilit\u00e9 sociale&nbsp;\u00bb, fait savoir le pr\u00e9sident de l\u2019Ordre national des g\u00e9om\u00e8tres experts du S\u00e9n\u00e9gal (ONGES), Mamadou Lamine Fall. Pour cela, plusieurs \u00e9l\u00e9ments sont n\u00e9cessaires au nombre desquels une politique fonci\u00e8re claire et adapt\u00e9e; des proc\u00e9dures simples et transparentes; une planification spatiale coh\u00e9rente; une connaissance approfondie des territoires.<\/p>\n\n\n\n<p>Toutefois, malgr\u00e9 ce r\u00f4le central, \u00ab&nbsp;l\u2019exercice de la profession au S\u00e9n\u00e9gal est s\u00e9rieusement compromis par quatre grandes difficult\u00e9s majeures \u00e0 savoir la pratique ill\u00e9gale de la profession; le retard dans la d\u00e9l\u00e9gation de service public; l\u2019insuffisance du soutien \u00e9tatique et l\u2019absence de politique de promotion des cabinets nationaux. Face \u00e0 cette situation, il devient imp\u00e9ratif, selon les acteurs, que l\u2019\u00c9tat prenne des mesures structurelles pour : \u00e9largir effectivement la d\u00e9l\u00e9gation de service public; encadrer et r\u00e9primer les pratiques ill\u00e9gales; valoriser les comp\u00e9tences nationales \u00e0 travers une politique d\u2019attribution \u00e9quitable des march\u00e9s; et r\u00e9viser le cadre l\u00e9gislatif afin d\u2019assurer une r\u00e9partition \u00e9quilibr\u00e9e des cabinets sur l\u2019ensemble du territoire. Dans un contexte marqu\u00e9 par une pression croissante sur le foncier, \u00ab&nbsp;les 72 heures du g\u00e9om\u00e8tre-expert interviennent \u00e0 un moment strat\u00e9gique. La question fonci\u00e8re, d\u2019envergure mondiale, est particuli\u00e8rement sensible dans les pays en d\u00e9veloppement, confront\u00e9s \u00e0 une urbanisation rapide et \u00e0 une forte demande agricole&nbsp;\u00bb, a dit Bassirou Sarr, le directeur de cabinet du ministre des Finances et du budget. Souvent per\u00e7u \u00e0 tort comme un simple technicien, \u00ab&nbsp;le g\u00e9om\u00e8tre-expert joue en r\u00e9alit\u00e9 un r\u00f4le crucial dans la gouvernance territoriale : il est acteur du d\u00e9veloppement durable, garant de la s\u00e9curit\u00e9 juridique et partenaire privil\u00e9gi\u00e9 de l\u2019\u00c9tat dans les politiques d\u2019am\u00e9nagement&nbsp;\u00bb, soutient M. Sarr. Le th\u00e8me retenu, \u00ab Le partenariat pour un environnement r\u00e9silient et un foncier s\u00e9curis\u00e9 \u00bb, invite \u00e0 une approche concert\u00e9e impliquant l\u2019ensemble des acteurs publics, professionnels et citoyens. Dans cette optique, \u00ab&nbsp;il est n\u00e9cessaire de renforcer la d\u00e9l\u00e9gation de service public confi\u00e9e \u00e0 l\u2019Ordre des g\u00e9om\u00e8tres-experts, et d\u2019inscrire la profession dans la dynamique de transformation num\u00e9rique de l\u2019\u00c9tat&nbsp;\u00bb, dira-t-il. La rencontre, marqu\u00e9e par la participation d\u2019experts internationaux et de jeunes futurs d\u00e9cideurs, traduit une volont\u00e9 forte de valoriser la profession et de b\u00e2tir un \u00e9cosyst\u00e8me foncier s\u00e9curis\u00e9, moderne et r\u00e9silient. L\u2019\u00c9tat r\u00e9affirme \u00e0 cet \u00e9gard son engagement \u00e0 accompagner cette dynamique \u00e0 travers un cadre juridique adapt\u00e9 et incitatif.<\/p>\n\n\n\n<p><strong>JEAN PIERRE MALOU\u00a0<\/strong><br>SOURCE SUDQUOTIDIEN<\/p>\n","protected":false},"excerpt":{"rendered":"<p>Dakar accueille depuis hier, mardi, les 72 heures du g\u00e9om\u00e8tre-expert, un \u00e9v\u00e9nement de r\u00e9f\u00e9rence qui permet aux professionnels du secteur<\/p>\n","protected":false},"author":1,"featured_media":54606,"comment_status":"open","ping_status":"open","sticky":false,"template":"","format":"standard","meta":{"footnotes":""},"categories":[26],"tags":[],"class_list":["post-54605","post","type-post","status-publish","format-standard","has-post-thumbnail","hentry","category-fait-divers"],"_links":{"self":[{"href":"https:\/\/dekkbi.com\/index.php?rest_route=\/wp\/v2\/posts\/54605","targetHints":{"allow":["GET"]}}],"collection":[{"href":"https:\/\/dekkbi.com\/index.php?rest_route=\/wp\/v2\/posts"}],"about":[{"href":"https:\/\/dekkbi.com\/index.php?rest_route=\/wp\/v2\/types\/post"}],"author":[{"embeddable":true,"href":"https:\/\/dekkbi.com\/index.php?rest_route=\/wp\/v2\/users\/1"}],"replies":[{"embeddable":true,"href":"https:\/\/dekkbi.com\/index.php?rest_route=%2Fwp%2Fv2%2Fcomments&post=54605"}],"version-history":[{"count":1,"href":"https:\/\/dekkbi.com\/index.php?rest_route=\/wp\/v2\/posts\/54605\/revisions"}],"predecessor-version":[{"id":54607,"href":"https:\/\/dekkbi.com\/index.php?rest_route=\/wp\/v2\/posts\/54605\/revisions\/54607"}],"wp:featuredmedia":[{"embeddable":true,"href":"https:\/\/dekkbi.com\/index.php?rest_route=\/wp\/v2\/media\/54606"}],"wp:attachment":[{"href":"https:\/\/dekkbi.com\/index.php?rest_route=%2Fwp%2Fv2%2Fmedia&parent=54605"}],"wp:term":[{"taxonomy":"category","embeddable":true,"href":"https:\/\/dekkbi.com\/index.php?rest_route=%2Fwp%2Fv2%2Fcategories&post=54605"},{"taxonomy":"post_tag","embeddable":true,"href":"https:\/\/dekkbi.com\/index.php?rest_route=%2Fwp%2Fv2%2Ftags&post=54605"}],"curies":[{"name":"wp","href":"https:\/\/api.w.org\/{rel}","templated":true}]}}