{"id":5460,"date":"2022-12-29T09:27:15","date_gmt":"2022-12-29T09:27:15","guid":{"rendered":"https:\/\/dekkbi.com\/?p=5460"},"modified":"2022-12-29T09:27:16","modified_gmt":"2022-12-29T09:27:16","slug":"utilisation-de-son-morceau-navetane-les-autorites-la-can-elhadj-diouf-tres-decu","status":"publish","type":"post","link":"https:\/\/dekkbi.com\/?p=5460","title":{"rendered":"Utilisation de son morceau \u00abNav\u00e9tane\u00bb, les autorit\u00e9s, la Can\u2026 Elhadj Diouf tr\u00e8s d\u00e9\u00e7u !"},"content":{"rendered":"\n<p>En tourn\u00e9e au S\u00e9n\u00e9gal pour la fin de l\u2019ann\u00e9e, le chanteur El Hadji Diouf a fait un tour \u00e0 l&rsquo;\u00e9mission \u00a0\u00bbDeuguanetane\u00a0\u00bb de la RFM. Interpell\u00e9 sur son absence lors des manifestations autour de la coupe d\u2019Afrique et de la Coupe du monde alors que sa chanson \u2018\u2019Foulak fayda\u2019\u2019 a accompagn\u00e9 les supporters, il manifeste sa d\u00e9ception.<\/p>\n\n\n\n<p>\u00ab J&rsquo;\u00e9tais l\u00e0 lors de la Can. Mais j&rsquo;\u00e9tais tr\u00e8s d\u00e9\u00e7u du fonctionnement de l\u2019organisation. Je suis patriote, j\u2019aime mon pays, mais je trouve que les responsables qui ont eu \u00e0 organiser les \u00e9v\u00e9nements sportifs n\u2019ont pas fait leur travail. Je n\u2019ai pas re\u00e7u d\u2019invitation des autorit\u00e9s pour y participer alors que ma musique passait en boucle. Je n\u2019ai jamais forc\u00e9 ma musique, c&rsquo;est le public, lui-m\u00eame qui a adopt\u00e9 ma chanson\u00bb, a-t-il martel\u00e9. \u00a0<br>L&rsquo;interpr\u00e8te de \u00abNavetane\u00bb consid\u00e8re que si c&rsquo;\u00e9tait au Canada, il aurait au moins re\u00e7u une distinction en guise de reconnaissance. Il trouve que c\u2019est tr\u00e8s d\u00e9cevant que la population le place au c\u0153ur de l&rsquo;\u00e9v\u00e9nement et que, de l\u2019autre c\u00f4t\u00e9, il n\u2019a jamais \u00e9t\u00e9 contact\u00e9 pour participer aux festivit\u00e9s li\u00e9es \u00e0 la Can.<br><br>Le chanteur d\u00e9clare qu\u2019il a eu un entretien avec l\u2019actuel ministre des Sports, Yankhoba Diattara, derni\u00e8rement. Ce dernier lui a demand\u00e9 de d\u00e9poser un projet pour venir apporter son soutien lors de la coupe du Monde, dit-il. \u00a0<br><br>\u00ab J\u2019aurais aim\u00e9, vu que je suis au S\u00e9n\u00e9gal, aller dans les fan Zones, \u00e9changer avec les supporters. Encore une fois, je suis tr\u00e8s d\u00e9\u00e7u du gouvernement parce que j\u2019ai quitt\u00e9 le Canada, laiss\u00e9 mon travail pour venir ici. Jusqu\u2019\u00e0 pr\u00e9sent je n\u2019ai jamais \u00e9t\u00e9 contact\u00e9\u00bb, lance-t-il.<br><br>SOURCE IGFM<\/p>\n","protected":false},"excerpt":{"rendered":"<p>En tourn\u00e9e au S\u00e9n\u00e9gal pour la fin de l\u2019ann\u00e9e, le chanteur El Hadji Diouf a fait un tour \u00e0 l&rsquo;\u00e9mission<\/p>\n","protected":false},"author":1,"featured_media":5461,"comment_status":"open","ping_status":"open","sticky":false,"template":"","format":"standard","meta":{"footnotes":""},"categories":[9],"tags":[],"class_list":["post-5460","post","type-post","status-publish","format-standard","has-post-thumbnail","hentry","category-sports"],"_links":{"self":[{"href":"https:\/\/dekkbi.com\/index.php?rest_route=\/wp\/v2\/posts\/5460","targetHints":{"allow":["GET"]}}],"collection":[{"href":"https:\/\/dekkbi.com\/index.php?rest_route=\/wp\/v2\/posts"}],"about":[{"href":"https:\/\/dekkbi.com\/index.php?rest_route=\/wp\/v2\/types\/post"}],"author":[{"embeddable":true,"href":"https:\/\/dekkbi.com\/index.php?rest_route=\/wp\/v2\/users\/1"}],"replies":[{"embeddable":true,"href":"https:\/\/dekkbi.com\/index.php?rest_route=%2Fwp%2Fv2%2Fcomments&post=5460"}],"version-history":[{"count":1,"href":"https:\/\/dekkbi.com\/index.php?rest_route=\/wp\/v2\/posts\/5460\/revisions"}],"predecessor-version":[{"id":5462,"href":"https:\/\/dekkbi.com\/index.php?rest_route=\/wp\/v2\/posts\/5460\/revisions\/5462"}],"wp:featuredmedia":[{"embeddable":true,"href":"https:\/\/dekkbi.com\/index.php?rest_route=\/wp\/v2\/media\/5461"}],"wp:attachment":[{"href":"https:\/\/dekkbi.com\/index.php?rest_route=%2Fwp%2Fv2%2Fmedia&parent=5460"}],"wp:term":[{"taxonomy":"category","embeddable":true,"href":"https:\/\/dekkbi.com\/index.php?rest_route=%2Fwp%2Fv2%2Fcategories&post=5460"},{"taxonomy":"post_tag","embeddable":true,"href":"https:\/\/dekkbi.com\/index.php?rest_route=%2Fwp%2Fv2%2Ftags&post=5460"}],"curies":[{"name":"wp","href":"https:\/\/api.w.org\/{rel}","templated":true}]}}