{"id":54591,"date":"2025-04-09T14:07:10","date_gmt":"2025-04-09T14:07:10","guid":{"rendered":"https:\/\/dekkbi.com\/?p=54591"},"modified":"2025-04-09T14:08:01","modified_gmt":"2025-04-09T14:08:01","slug":"nouveau-rebond-de-lancien-president-macky-integre-le-comite-mo-ibrahim","status":"publish","type":"post","link":"https:\/\/dekkbi.com\/?p=54591","title":{"rendered":"Nouveau rebond de l\u2019ancien Pr\u00e9sident : Macky int\u00e8gre le comit\u00e9 Mo Ibrahim"},"content":{"rendered":"\n<p><strong>Depuis son d\u00e9part de la t\u00eate de l\u2019Etat, Macky Sall continue \u00e0 faire profiter de son exp\u00e9rience \u00e0 certains organismes. Il a rejoint l\u2019\u00e9quipe de membres de Mo Ibrahim en m\u00eame temps que Joseph Borell, ancien Haut repr\u00e9sentant de l\u2019Ue pour les Affaires \u00e9trang\u00e8res, Moussa Faki Mahamat, ancien pr\u00e9sident de la Commission de l\u2019Ua, Lord Mark Malloch-Brown, ancien pr\u00e9sident d\u2019Open society Foundations.<\/strong><\/p>\n\n\n\n<p>&nbsp;C\u2019est une d\u00e9cision qui ne va pas plaire aux d\u00e9tracteurs de l\u2019ancien pr\u00e9sident de la R\u00e9publique. Macky Sall fait d\u00e9sormais partie des nouveaux membres du conseil et du comit\u00e9 du prix de la Fondation Mo Ibrahim. Il rejoint la fondation en m\u00eame temps que Joseph Borell, ancien Haut repr\u00e9sentant de l\u2019Union europ\u00e9enne pour les Affaires \u00e9trang\u00e8res et la politique de s\u00e9curit\u00e9, vice-pr\u00e9sident de la Commission europ\u00e9enne 2019-2024, ancien ministre des Affaires \u00e9trang\u00e8res et de la coop\u00e9ration de l\u2019Espagne 2018-2019, ancien pr\u00e9sident du Parlement europ\u00e9en 2004-2007, Moussa Faki Mahamat, ancien pr\u00e9sident de la Commission de l\u2019Ua, Lord Mark Malloch-Brown, ancien pr\u00e9sident d\u2019Open Society Foundations 2021-2024. Dans un communiqu\u00e9, ladite structure rappelle que le \u00abConseil de la Fondation Mo Ibrahim est pr\u00e9sid\u00e9 par le Dr Mo Ibrahim et joue un r\u00f4le essentiel dans l\u2019\u00e9laboration des strat\u00e9gies et des activit\u00e9s de la fondation\u00bb. Il est ajout\u00e9 que \u00able conseil est compos\u00e9 d\u2019\u00e9minents dirigeants issus de gouvernements, d\u2019organisations multilat\u00e9rales, d\u2019universit\u00e9s et du secteur priv\u00e9, tant au niveau africain que mondial\u00bb.<\/p>\n\n\n\n<p>S\u2019agissant du Comit\u00e9 du Prix Ibrahim pour un leadership d\u2019excellence en Afrique, c\u2019est \u00abun groupe ind\u00e9pendant qui choisit les laur\u00e9ats du Prix Ibrahim\u00bb. Celui-ci \u00abidentifie et c\u00e9l\u00e8bre les dirigeants africains ayant fait preuve d\u2019excellence au cours de leur mandat \u00e9chu face aux multiples d\u00e9fis auxquels leur pays \u00e9tait confront\u00e9\u00bb. Le prix, renseignent les auteurs du document, \u00abpourra ainsi leur permettre de continuer de mettre \u00e0 profit leur exp\u00e9rience et leur expertise au b\u00e9n\u00e9fice de leur continent une fois leur mandat national achev\u00e9\u00bb. D\u2019apr\u00e8s les auteurs du communiqu\u00e9, Mo Ibrahim s\u2019est r\u00e9joui \u00abd\u2019accueillir Josef Borell, Moussa Faki Mahamat, Lord Mark Malloch-Brown et Macky Sall au sein de la fondation\u00bb. \u00abChacun d\u2019entre eux apporte une exp\u00e9rience exceptionnelle. Je me r\u00e9jouis de pouvoir collaborer \u00e9troitement avec eux pour relever certains des d\u00e9fis les plus urgents auxquels l\u2019Afrique et le monde sont confront\u00e9s aujourd\u2019hui\u00bb, a-t-il dit.<\/p>\n\n\n\n<p>Cette nouvelle responsabilit\u00e9 du Pr\u00e9sident Macky Sall intervient au moment o\u00f9 son successeur, Bassirou Diomaye Faye, et son Premier ministre ne cessent de d\u00e9crier sa gestion du pays, en accusant son r\u00e9gime d\u2019avoir \u00abfalsifi\u00e9\u00bb les chiffres des finances publiques. Pendant ce temps, Macky Sall se fait remarquer \u00e0 l\u2019international \u00e0 travers les sommets auxquels il est convi\u00e9 et aussi son poste de pr\u00e9sident du Centre mondial sur l\u2019adaptation.<\/p>\n\n\n\n<p><strong>Par Dieynaba KANE \u2013<\/strong> <strong>dkane@lequotidien.sn<\/strong><\/p>\n","protected":false},"excerpt":{"rendered":"<p>Depuis son d\u00e9part de la t\u00eate de l\u2019Etat, Macky Sall continue \u00e0 faire profiter de son exp\u00e9rience \u00e0 certains organismes.<\/p>\n","protected":false},"author":1,"featured_media":29790,"comment_status":"open","ping_status":"open","sticky":false,"template":"","format":"standard","meta":{"footnotes":""},"categories":[6],"tags":[],"class_list":["post-54591","post","type-post","status-publish","format-standard","has-post-thumbnail","hentry","category-politics"],"_links":{"self":[{"href":"https:\/\/dekkbi.com\/index.php?rest_route=\/wp\/v2\/posts\/54591","targetHints":{"allow":["GET"]}}],"collection":[{"href":"https:\/\/dekkbi.com\/index.php?rest_route=\/wp\/v2\/posts"}],"about":[{"href":"https:\/\/dekkbi.com\/index.php?rest_route=\/wp\/v2\/types\/post"}],"author":[{"embeddable":true,"href":"https:\/\/dekkbi.com\/index.php?rest_route=\/wp\/v2\/users\/1"}],"replies":[{"embeddable":true,"href":"https:\/\/dekkbi.com\/index.php?rest_route=%2Fwp%2Fv2%2Fcomments&post=54591"}],"version-history":[{"count":1,"href":"https:\/\/dekkbi.com\/index.php?rest_route=\/wp\/v2\/posts\/54591\/revisions"}],"predecessor-version":[{"id":54592,"href":"https:\/\/dekkbi.com\/index.php?rest_route=\/wp\/v2\/posts\/54591\/revisions\/54592"}],"wp:featuredmedia":[{"embeddable":true,"href":"https:\/\/dekkbi.com\/index.php?rest_route=\/wp\/v2\/media\/29790"}],"wp:attachment":[{"href":"https:\/\/dekkbi.com\/index.php?rest_route=%2Fwp%2Fv2%2Fmedia&parent=54591"}],"wp:term":[{"taxonomy":"category","embeddable":true,"href":"https:\/\/dekkbi.com\/index.php?rest_route=%2Fwp%2Fv2%2Fcategories&post=54591"},{"taxonomy":"post_tag","embeddable":true,"href":"https:\/\/dekkbi.com\/index.php?rest_route=%2Fwp%2Fv2%2Ftags&post=54591"}],"curies":[{"name":"wp","href":"https:\/\/api.w.org\/{rel}","templated":true}]}}