{"id":54589,"date":"2025-04-09T14:03:07","date_gmt":"2025-04-09T14:03:07","guid":{"rendered":"https:\/\/dekkbi.com\/?p=54589"},"modified":"2025-04-09T14:03:34","modified_gmt":"2025-04-09T14:03:34","slug":"loi-dinterpretation-de-la-loi-damnistie-des-deputes-saisissent-le-conseil-constitutionnel","status":"publish","type":"post","link":"https:\/\/dekkbi.com\/?p=54589","title":{"rendered":"Loi d\u2019interpr\u00e9tation de la Loi d\u2019amnistie : des d\u00e9put\u00e9s saisissent le Conseil constitutionnel"},"content":{"rendered":"\n<p><strong>Plus de dix-sept d\u00e9put\u00e9s ont officiellement saisi le Conseil constitutionnel pour contester la Loi d\u2019interpr\u00e9tation de la Loi d\u2019amnistie, r\u00e9cemment adopt\u00e9e par l\u2019Assembl\u00e9e nationale.<\/strong><\/p>\n\n\n\n<p>Le texte, vot\u00e9 le 2 avril dernier, reste en attente de promulgation, suspendu \u00e0 l\u2019avis des six des sept Sages du Conseil constitutionnel. Le pr\u00e9sident de la R\u00e9publique devra obtenir l\u2019aval de cette haute juridiction avant de pouvoir promulguer la loi.<\/p>\n\n\n\n<p>Port\u00e9e par le groupe parlementaire Pastef, majoritaire \u00e0 l\u2019Assembl\u00e9e nationale, cette loi a \u00e9t\u00e9 propos\u00e9e par le d\u00e9put\u00e9 Amadou Ba. Elle vise \u00e0 clarifier l\u2019interpr\u00e9tation de certaines dispositions de la Loi d\u2019amnistie adopt\u00e9e en mars 2024 avant la pr\u00e9sidentielle.<\/p>\n\n\n\n<p>Parmi les parlementaires \u00e0 l\u2019origine du recours figure A\u00efssata Tall Sall, pr\u00e9sidente du groupe parlementaire Takku-Wallu. Elle est accompagn\u00e9e de plusieurs d\u00e9put\u00e9s de l\u2019opposition, selon le journal Les \u00c9chos, qui rapporte que la saisine a \u00e9t\u00e9 d\u00e9pos\u00e9e hier.<\/p>\n\n\n\n<p>Les signataires estiment que la loi contest\u00e9e ne r\u00e9pond pas aux exigences d\u2019une v\u00e9ritable loi interpr\u00e9tative. Selon eux, elle d\u00e9passerait le cadre strict d\u2019interpr\u00e9tation l\u00e9gislative pour introduire de nouveaux \u00e9l\u00e9ments juridiques, ce qui remettrait en cause sa l\u00e9gitimit\u00e9 constitutionnelle.<\/p>\n\n\n\n<figure class=\"wp-block-image\" id=\"attachment_38017\"><img decoding=\"async\" src=\"https:\/\/lesoleil.sn\/wp-content\/uploads\/2025\/04\/WhatsApp-Image-2025-04-09-at-13.59.52-596x900.jpeg\" alt=\"\" class=\"wp-image-38017\"\/><figcaption class=\"wp-element-caption\">Amadou Ba n\u20221, Anta Babacar Ngom et Thierno Alassane Sall ont rejoint Takku Walu dans le recours.<\/figcaption><\/figure>\n","protected":false},"excerpt":{"rendered":"<p>Plus de dix-sept d\u00e9put\u00e9s ont officiellement saisi le Conseil constitutionnel pour contester la Loi d\u2019interpr\u00e9tation de la Loi d\u2019amnistie, r\u00e9cemment<\/p>\n","protected":false},"author":1,"featured_media":3971,"comment_status":"open","ping_status":"open","sticky":false,"template":"","format":"standard","meta":{"footnotes":""},"categories":[6],"tags":[],"class_list":["post-54589","post","type-post","status-publish","format-standard","has-post-thumbnail","hentry","category-politics"],"_links":{"self":[{"href":"https:\/\/dekkbi.com\/index.php?rest_route=\/wp\/v2\/posts\/54589","targetHints":{"allow":["GET"]}}],"collection":[{"href":"https:\/\/dekkbi.com\/index.php?rest_route=\/wp\/v2\/posts"}],"about":[{"href":"https:\/\/dekkbi.com\/index.php?rest_route=\/wp\/v2\/types\/post"}],"author":[{"embeddable":true,"href":"https:\/\/dekkbi.com\/index.php?rest_route=\/wp\/v2\/users\/1"}],"replies":[{"embeddable":true,"href":"https:\/\/dekkbi.com\/index.php?rest_route=%2Fwp%2Fv2%2Fcomments&post=54589"}],"version-history":[{"count":1,"href":"https:\/\/dekkbi.com\/index.php?rest_route=\/wp\/v2\/posts\/54589\/revisions"}],"predecessor-version":[{"id":54590,"href":"https:\/\/dekkbi.com\/index.php?rest_route=\/wp\/v2\/posts\/54589\/revisions\/54590"}],"wp:featuredmedia":[{"embeddable":true,"href":"https:\/\/dekkbi.com\/index.php?rest_route=\/wp\/v2\/media\/3971"}],"wp:attachment":[{"href":"https:\/\/dekkbi.com\/index.php?rest_route=%2Fwp%2Fv2%2Fmedia&parent=54589"}],"wp:term":[{"taxonomy":"category","embeddable":true,"href":"https:\/\/dekkbi.com\/index.php?rest_route=%2Fwp%2Fv2%2Fcategories&post=54589"},{"taxonomy":"post_tag","embeddable":true,"href":"https:\/\/dekkbi.com\/index.php?rest_route=%2Fwp%2Fv2%2Ftags&post=54589"}],"curies":[{"name":"wp","href":"https:\/\/api.w.org\/{rel}","templated":true}]}}