{"id":54586,"date":"2025-04-09T14:01:39","date_gmt":"2025-04-09T14:01:39","guid":{"rendered":"https:\/\/dekkbi.com\/?p=54586"},"modified":"2025-04-09T14:01:39","modified_gmt":"2025-04-09T14:01:39","slug":"rapport-sur-les-finances-publiques-les-dossiers-transmis-au-procureur-general-de-la-cour-des-comptes","status":"publish","type":"post","link":"https:\/\/dekkbi.com\/?p=54586","title":{"rendered":"Rapport sur les finances publiques: Les dossiers transmis au Procureur g\u00e9n\u00e9ral de la Cour des comptes\u00a0"},"content":{"rendered":"\n<p><strong>En marge de la c\u00e9r\u00e9monie d\u2019ouverture de la 10\u1d49 Assembl\u00e9e g\u00e9n\u00e9rale de l\u2019Association des institutions sup\u00e9rieures de contr\u00f4le ayant en commun l\u2019usage du fran\u00e7ais, tenue ce mercredi 9 avril 2025 \u00e0 Dakar, le Premier pr\u00e9sident de la Cour des comptes, Mamadou Faye, s\u2019est exprim\u00e9 sur le dernier rapport de son institution portant sur les finances publiques. Il a r\u00e9v\u00e9l\u00e9 que les dossiers concern\u00e9s ont d\u00e9j\u00e0 \u00e9t\u00e9 transmis au Procureur g\u00e9n\u00e9ral de la Cour, qui pourrait, \u00e0 son tour, saisir le ministre de la Justice pour d\u2019\u00e9ventuelles poursuites.<\/strong><\/p>\n\n\n\n<p>Le dernier rapport de la Cour des comptes a mis en lumi\u00e8re plusieurs cas pr\u00e9sum\u00e9s de malversations. Selon Mamadou Faye, les instances habilit\u00e9es donneront les suites appropri\u00e9es.<\/p>\n\n\n\n<p>\u00ab La Cour instruit \u00e0 charge et \u00e0 d\u00e9charge. Lorsqu\u2019un rapport est produit, il peut faire ressortir des faits relevant de la Chambre de discipline financi\u00e8re \u2014 en cas de fautes de gestion \u2014 mais \u00e9galement des faits susceptibles de constituer des infractions p\u00e9nales. Dans ce cas, la chambre comp\u00e9tente se r\u00e9unit et \u00e9tablit un r\u00e9f\u00e9r\u00e9 \u00e0 l\u2019attention de la Chambre de discipline financi\u00e8re, ainsi qu\u2019un autre r\u00e9f\u00e9r\u00e9 destin\u00e9 aux autorit\u00e9s judiciaires \u00bb, a expliqu\u00e9 Mamadou Faye \u00e0 l\u2019issue de la c\u00e9r\u00e9monie d\u2019ouverture.<\/p>\n\n\n\n<p>Pr\u00e9cisant que \u00ab le financier ne conditionne pas le p\u00e9nal, tout comme le p\u00e9nal ne conditionne pas le financier \u00bb, il a ajout\u00e9 : \u00ab L\u2019exploitation judiciaire qui est faite ne nous pr\u00e9occupe pas outre mesure, car la justice m\u00e8nera ses enqu\u00eates selon ses propres proc\u00e9dures et son propre calendrier. \u00bb<\/p>\n\n\n\n<p>Toujours selon Mamadou Faye, les proc\u00e9dures disciplinaires au niveau de la Chambre de discipline financi\u00e8re suivent leur cours et des d\u00e9cisions seront prises en temps opportun. Toutefois, il a tenu \u00e0 pr\u00e9ciser que, pour les proc\u00e9dures aussi bien financi\u00e8res que p\u00e9nales, les dossiers ont d\u00e9j\u00e0 \u00e9t\u00e9 transmis au Procureur g\u00e9n\u00e9ral de la Cour des comptes.<\/p>\n\n\n\n<p>Ce dernier, a-t-il conclu, \u00ab ne manquera pas de saisir, d\u2019une part, la Chambre de discipline financi\u00e8re et, d\u2019autre part, le ministre de la Justice pour les faits susceptibles de relever du p\u00e9nal. \u00bb<\/p>\n\n\n\n<p><strong>Fatou SY<\/strong><br>LESOLEIL<\/p>\n","protected":false},"excerpt":{"rendered":"<p>En marge de la c\u00e9r\u00e9monie d\u2019ouverture de la 10\u1d49 Assembl\u00e9e g\u00e9n\u00e9rale de l\u2019Association des institutions sup\u00e9rieures de contr\u00f4le ayant en<\/p>\n","protected":false},"author":1,"featured_media":54587,"comment_status":"open","ping_status":"open","sticky":false,"template":"","format":"standard","meta":{"footnotes":""},"categories":[3],"tags":[],"class_list":["post-54586","post","type-post","status-publish","format-standard","has-post-thumbnail","hentry","category-event-more-news"],"_links":{"self":[{"href":"https:\/\/dekkbi.com\/index.php?rest_route=\/wp\/v2\/posts\/54586","targetHints":{"allow":["GET"]}}],"collection":[{"href":"https:\/\/dekkbi.com\/index.php?rest_route=\/wp\/v2\/posts"}],"about":[{"href":"https:\/\/dekkbi.com\/index.php?rest_route=\/wp\/v2\/types\/post"}],"author":[{"embeddable":true,"href":"https:\/\/dekkbi.com\/index.php?rest_route=\/wp\/v2\/users\/1"}],"replies":[{"embeddable":true,"href":"https:\/\/dekkbi.com\/index.php?rest_route=%2Fwp%2Fv2%2Fcomments&post=54586"}],"version-history":[{"count":1,"href":"https:\/\/dekkbi.com\/index.php?rest_route=\/wp\/v2\/posts\/54586\/revisions"}],"predecessor-version":[{"id":54588,"href":"https:\/\/dekkbi.com\/index.php?rest_route=\/wp\/v2\/posts\/54586\/revisions\/54588"}],"wp:featuredmedia":[{"embeddable":true,"href":"https:\/\/dekkbi.com\/index.php?rest_route=\/wp\/v2\/media\/54587"}],"wp:attachment":[{"href":"https:\/\/dekkbi.com\/index.php?rest_route=%2Fwp%2Fv2%2Fmedia&parent=54586"}],"wp:term":[{"taxonomy":"category","embeddable":true,"href":"https:\/\/dekkbi.com\/index.php?rest_route=%2Fwp%2Fv2%2Fcategories&post=54586"},{"taxonomy":"post_tag","embeddable":true,"href":"https:\/\/dekkbi.com\/index.php?rest_route=%2Fwp%2Fv2%2Ftags&post=54586"}],"curies":[{"name":"wp","href":"https:\/\/api.w.org\/{rel}","templated":true}]}}