{"id":54570,"date":"2025-04-09T09:50:48","date_gmt":"2025-04-09T09:50:48","guid":{"rendered":"https:\/\/dekkbi.com\/?p=54570"},"modified":"2025-04-09T09:50:48","modified_gmt":"2025-04-09T09:50:48","slug":"quelque-312-policiers-adjoints-volontaires-liberes-apres-lexpiration-de-leurs-contrats","status":"publish","type":"post","link":"https:\/\/dekkbi.com\/?p=54570","title":{"rendered":"Quelque 312 policiers adjoints volontaires \u2018\u2019lib\u00e9r\u00e9s\u2019\u2019 apr\u00e8s l\u2019expiration de leurs contrats"},"content":{"rendered":"\n<p>Dakar,  (APS) \u2013 Le minist\u00e8re de l\u2019Int\u00e9rieur et de la S\u00e9curit\u00e9 publique a pris la d\u00e9cision de ne pas reconduire les contrats arriv\u00e9s \u00e0 expiration de quelque 312 policiers adjoints volontaires (PAV), des jeunes\u00a0 recrut\u00e9s en 2021 comme personnel de soutien \u00e0 la Police nationale, a-t-on appris de la Division communication de la Direction g\u00e9n\u00e9rale de la Police nationale (DGPN).<\/p>\n\n\n\n<p>\u2018\u2019Les contrats de la premi\u00e8re cohorte des PAV de la septi\u00e8me g\u00e9n\u00e9ration ayant expir\u00e9, 312 de ses \u00e9l\u00e9ments ont \u00e9t\u00e9 lib\u00e9r\u00e9s suivant la d\u00e9cision num\u00e9ro 000264 du Ministre de l\u2019Int\u00e9rieur et de la S\u00e9curit\u00e9 publique du 28 mars 2025\u2019\u2019, indique notamment un communiqu\u00e9 dont l\u2019APS a eu connaissance.<\/p>\n\n\n\n<p>Cette d\u00e9cision est conforme \u00e0 l\u2019article 4 du d\u00e9cret portant cr\u00e9ation et conditions de s\u00e9lection et d\u2019emploi des PAV, et qui pr\u00e9voit un contrat d\u2019une dur\u00e9e de quatre ann\u00e9es, pr\u00e9cise la source.<\/p>\n\n\n\n<p>Le communiqu\u00e9 signale que le ministre de l\u2019Int\u00e9rieur et de la S\u00e9curit\u00e9 publique, le g\u00e9n\u00e9ral Jean Baptiste Tine, \u2018\u2019tient \u00e0 remercier la premi\u00e8re cohorte des PAV pour ses bons et loyaux services\u2019\u2019.<\/p>\n\n\n\n<p>ABB\/OID<br><\/p>\n","protected":false},"excerpt":{"rendered":"<p>Dakar, (APS) \u2013 Le minist\u00e8re de l\u2019Int\u00e9rieur et de la S\u00e9curit\u00e9 publique a pris la d\u00e9cision de ne pas reconduire<\/p>\n","protected":false},"author":1,"featured_media":50867,"comment_status":"open","ping_status":"open","sticky":false,"template":"","format":"standard","meta":{"footnotes":""},"categories":[21],"tags":[],"class_list":["post-54570","post","type-post","status-publish","format-standard","has-post-thumbnail","hentry","category-societe"],"_links":{"self":[{"href":"https:\/\/dekkbi.com\/index.php?rest_route=\/wp\/v2\/posts\/54570","targetHints":{"allow":["GET"]}}],"collection":[{"href":"https:\/\/dekkbi.com\/index.php?rest_route=\/wp\/v2\/posts"}],"about":[{"href":"https:\/\/dekkbi.com\/index.php?rest_route=\/wp\/v2\/types\/post"}],"author":[{"embeddable":true,"href":"https:\/\/dekkbi.com\/index.php?rest_route=\/wp\/v2\/users\/1"}],"replies":[{"embeddable":true,"href":"https:\/\/dekkbi.com\/index.php?rest_route=%2Fwp%2Fv2%2Fcomments&post=54570"}],"version-history":[{"count":1,"href":"https:\/\/dekkbi.com\/index.php?rest_route=\/wp\/v2\/posts\/54570\/revisions"}],"predecessor-version":[{"id":54571,"href":"https:\/\/dekkbi.com\/index.php?rest_route=\/wp\/v2\/posts\/54570\/revisions\/54571"}],"wp:featuredmedia":[{"embeddable":true,"href":"https:\/\/dekkbi.com\/index.php?rest_route=\/wp\/v2\/media\/50867"}],"wp:attachment":[{"href":"https:\/\/dekkbi.com\/index.php?rest_route=%2Fwp%2Fv2%2Fmedia&parent=54570"}],"wp:term":[{"taxonomy":"category","embeddable":true,"href":"https:\/\/dekkbi.com\/index.php?rest_route=%2Fwp%2Fv2%2Fcategories&post=54570"},{"taxonomy":"post_tag","embeddable":true,"href":"https:\/\/dekkbi.com\/index.php?rest_route=%2Fwp%2Fv2%2Ftags&post=54570"}],"curies":[{"name":"wp","href":"https:\/\/api.w.org\/{rel}","templated":true}]}}