{"id":5457,"date":"2022-12-29T09:23:19","date_gmt":"2022-12-29T09:23:19","guid":{"rendered":"https:\/\/dekkbi.com\/?p=5457"},"modified":"2022-12-29T09:23:20","modified_gmt":"2022-12-29T09:23:20","slug":"gestion-du-fonds-covid-19-les-passagers-clandestins-ont-tire-sur-lambulance","status":"publish","type":"post","link":"https:\/\/dekkbi.com\/?p=5457","title":{"rendered":"Gestion du Fonds COVID-19: Les passagers clandestins ont tir\u00e9 sur l\u2019ambulance !"},"content":{"rendered":"\n<p>Imaginez un instant une ambulance remplie de malades agonisants et qui manquent de tout, notamment de gaz respiratoire. Des patients atteints de la COVID-19 ! A c\u00f4t\u00e9 d\u2019eux, des passagers charg\u00e9s de les assister et des fonds collect\u00e9s aupr\u00e8s de tous, d\u2019ici et d\u2019ailleurs, mis \u00e0 leur disposition pour s\u2019acquitter de la noble mission d\u2019assistance de personnes en danger.<\/p>\n\n\n\n<p>Imaginez un instant que parmi eux se trouvent des passagers clandestins \u00e0 cot\u00e9 de vaillants m\u00e9decins, infirmiers, assistants sociaux et autres personnels de sant\u00e9 respectables. \u00a0<br>La th\u00e9orie \u00e9conomique du Professeur Mancur Olson les d\u00e9finit comme des personnes qui b\u00e9n\u00e9ficient d&rsquo;un avantage r\u00e9sultant d&rsquo;un effort collectif, tout en y contribuant peu ou pas du tout. En principe, ils ne se d\u00e9clarent pas, s\u2019embarquent en cachette, \u00ab sans autorisation, ni titre de transport \u00bb (\u00ab burl\u00e9 \u00bb, \u00ab buruxlu \u00bb, \u00ab b\u00ebnn bunt \u00bb, termes familiers pour d\u00e9signer les resquilleurs de tout acabit).<br><br>La particularit\u00e9 de \u00ab nos \u00bb passagers clandestins est qu\u2019ils occupent des fonctions officielles dans l\u2019\u00c9tat mais, au lieu de g\u00e9rer le bien public et le service public dans l\u2019int\u00e9r\u00eat de tous, ils se mettent au service d\u2019un groupe politique et d\u2019affairistes pour tirer un profit personnel des deniers publics.\u00a0<br>Il est donc facile d\u2019admettre que ces passagers clandestins, en profitant des fonds Covid, ont tir\u00e9 sur l\u2019ambulance. Voil\u00e0 l\u2019image \u00e0 laquelle renvoie la gestion des Fonds COVID-19 !<br><br>Imaginez alors les cons\u00e9quences de cet acte ignoble et le sentiment suscit\u00e9 dans la communaut\u00e9 solidaire ayant consenti des sacrifices pour faire face \u00e0 la pand\u00e9mie.<br><br>Si le S\u00e9n\u00e9gal ne m\u00e9rite pas cette violence qui rend compte du c\u00f4t\u00e9 bestial de l\u2019humain, alors, le d\u00e9barquement des passagers clandestins est logique et opportun, le remboursement jusqu\u2019au dernier franc est une exigence morale et la sanction exemplaire, une demande sociale.\u00a0<strong>Chacun doit y jouer sa partition.<\/strong><br><br><strong>Des d\u00e9rogations in\u00e9dites pour faciliter la t\u00e2che aux passagers clandestins\u00a0<br><\/strong><br>Seize jours seulement apr\u00e8s l\u2019enregistrement du premier cas de COVID-19, le Pr\u00e9sident de la R\u00e9publique a pris le d\u00e9cret n\u00b0 2020-781 du 18 mars 2020 portant d\u00e9rogation au Code des March\u00e9s publics pour les d\u00e9penses relatives \u00e0 la COVID-19. En r\u00e9sum\u00e9, cet acte dispense de toute concurrence entre les fournisseurs, de garanties d\u2019ex\u00e9cution des march\u00e9s et d\u2019application de p\u00e9nalit\u00e9s de retard. La carte blanche est ainsi donn\u00e9e aux passagers clandestins.<br><br>Ayant suivi de tr\u00e8s pr\u00e8s l\u2019\u00e9volution de la pand\u00e9mie et me trouvant bloqu\u00e9 \u00e0 l\u2019\u00e9tranger du fait des mesures de fermeture des fronti\u00e8res, j\u2019avais publi\u00e9, le 21 mars 2020, une proposition de trente (33) mesures pour faire face \u00e0 la situation naissante, suivie plus tard du programme de relance TUMBI-19. Parmi ces propositions, la mise en place d\u2019un Fonds de 1000 milliards dont les conditions de mobilisation ont \u00e9t\u00e9 d\u00e9taill\u00e9es, a \u00e9t\u00e9 pr\u00e9conis\u00e9e.<\/p>\n\n\n\n<p><br>La veille des audiences avec les forces politiques de l\u2019opposition et de la soci\u00e9t\u00e9 civile, pour simuler une ouverture pour une gestion concert\u00e9e de la pand\u00e9mie, le Pr\u00e9sident de la R\u00e9publique annonce, le 23 mars 2020, des mesures dont la mise en place du Fonds de 1000 milliards. \u00a0<br><br>Apr\u00e8s ce d\u00e9fil\u00e9 ayant suscit\u00e9 beaucoup d\u2019espoir, avant la mise en place du \u00ab Fonds FORCE COVD-19 \u00bb intervenue le 7 avril 2020, une autre d\u00e9rogation est prise \u00e0 travers le d\u00e9cret n\u00b0 2020-884 du 1er avril 2020, (ce n\u2019\u00e9tait pas un poisson d\u2019avril !). Le Pr\u00e9sident r\u00e9cidivait ainsi en accordant une d\u00e9rogation bouleversante au R\u00e8glement g\u00e9n\u00e9ral de la Comptabilit\u00e9 publique. Cet acte dispense du contr\u00f4le administratif et du visa pr\u00e9alables, de l\u2019enregistrement des march\u00e9s et de la production de pi\u00e8ces justificatives dans l\u2019ex\u00e9cution des march\u00e9s COVID.<br><br>Pourtant, la circulaire n\u00b0 25 MFB\/DGB\/DPB du 20 mai 2020 qui pr\u00e9voyait la mise en place d\u2019un comit\u00e9 interne compos\u00e9 du gestionnaire du Fonds et des services de la Direction g\u00e9n\u00e9rale du Budget pour v\u00e9rifier, valider et certifier les pi\u00e8ces justificatives avant tout paiement d\u2019une d\u00e9pense, aurait pu corriger les effets n\u00e9fastes des d\u00e9rogations pr\u00e9sidentielles. Ce Comit\u00e9 n\u2019a jamais \u00e9t\u00e9 mis en place. L\u2019option du gouvernement a \u00e9t\u00e9 de fermer les yeux et de transf\u00e9rer les ressources de compte de d\u00e9p\u00f4t \u00e0 compte de d\u00e9p\u00f4t, laissant ainsi le soin aux structures b\u00e9n\u00e9ficiaires de v\u00e9rifier les march\u00e9s qu\u2019ils ont attribu\u00e9s, de proc\u00e9der \u00e0 la liquidation, de retirer les sommes d\u2019argent et de proc\u00e9der aux paiements.<br><br>On peut comprendre un assouplissement des contr\u00f4les pour r\u00e9duire les d\u00e9lais et permettre d\u2019effectuer \u00e0 temps les d\u00e9penses pour sauver des vies. Cependant, on ne peut ni comprendre ni accepter la mise en place d\u2019un dispositif pour \u00ab tuer \u00bb tout contr\u00f4le des conditions de r\u00e9alisation des d\u00e9penses et pour couvrir d\u2019impunit\u00e9 les passagers clandestins.\u00a0<\/p>\n\n\n\n<p><\/p>\n\n\n\n<p><strong>Des organes \u00e9trangement d\u00e9faillants<br><br><\/strong>Les structures du \u00ab Fonds Force COVID-19 \u00bb, notamment le Conseil strat\u00e9gique charg\u00e9 de l\u2019orientation et le Comit\u00e9 technique cens\u00e9 \u00eatre pr\u00e9sid\u00e9 par le ministre des Finances et du Budget et charg\u00e9 d\u2019ex\u00e9cuter ces orientations, n\u2019ont pas non plus fonctionn\u00e9.&nbsp; De plus, les inspections techniques internes n\u2019ont pas \u00e9t\u00e9 actionn\u00e9es.<br><br>Le Fonds Force COVID-19 s\u2019est donc d\u00e9lest\u00e9 de ses organes l\u00e9gaux et s\u2019est content\u00e9 de constater les flux, de g\u00e9rer l\u2019affichage et d\u2019assister \u00e0 des c\u00e9r\u00e9monies de remise de dons de diverses formes dont les incontournables masques FFP2, minutieusement escort\u00e9s et rigoureusement compt\u00e9s. &nbsp;<br>En septembre 2020, le d\u00e9cret n\u00b02020-1774 du 16 septembre 2020 mit fin au r\u00e9gime d\u00e9rogatoire au Code des March\u00e9s publics. Ce sera sans effet car le train sans frein de la malversation \u00e9tait d\u00e9ja lanc\u00e9 avec \u00e0 son bord les passagers clandestins.<br><br>M\u00eame les rapports d\u2019ex\u00e9cution demand\u00e9s n\u2019ont pas \u00e9t\u00e9 fournis au 31 janvier 2021, sans cons\u00e9quence.<br><br>Est-ce un hasard si ces d\u00e9rogations in\u00e9dites ont \u00e9t\u00e9 consenties et les instances de contr\u00f4le n\u2019ont pas \u00e9t\u00e9 mises en route ? Ceux qui veulent bien le croire sont libres de le faire. Ma na\u00efvet\u00e9 n\u2019a pas encore atteint ce niveau.<br><br>Avec le dispositif ainsi am\u00e9nag\u00e9, peut-on s\u2019\u00e9tonner des conclusions du rapport de la Cour des Comptes ? &nbsp;<br><br>Plus grave encore, le Fonds fut dissous h\u00e2tivement, avant m\u00eame la fin de la pand\u00e9mie. J\u2019avais publiquement d\u00e9nonc\u00e9 cette mesure incongrue lors de l\u2019\u00e9mission \u00ab D\u2019CLIQUE TFM \u00bb du 5 octobre 2021. Beaucoup d\u2019autres compatriotes comme le docteur Babacar NIANG, avaient d\u00e9j\u00e0 tir\u00e9 la sonnette d\u2019alarme. Auparavant, toutes les bonnes volont\u00e9s qui avaient approuv\u00e9 la d\u00e9marche inclusive proclam\u00e9e par le Pr\u00e9sident Macky SALL au d\u00e9but de la pand\u00e9mie, s\u2019\u00e9taient d\u00e9marqu\u00e9es lorsqu\u2019elles ont constat\u00e9 que les march\u00e9s sur le riz \u00e9taient attribu\u00e9s avant m\u00eame la mise en place du \u00ab Fonds Force COVID-19 \u00bb.<br><br>La gestion a \u00e9t\u00e9 solitaire et les bruits des couloirs sur les bagarres fratricides pour accaparer le butin de la COVID \u00e9taient d\u00e9j\u00e0 assourdissants. Comme un crime n\u2019est jamais parfait, la Cour des Comptes \u00e9tait d\u00e9j\u00e0 en branle.<br><br><strong>L\u2019intervention salutaire de la Cour des Comptes<\/strong><br><br>Certains redresseurs de torts tentent de s\u2019approprier l\u2019initiative de la publication du rapport de la Cour des Comptes allant m\u00eame jusqu\u2019\u00e0 la brandir comme une volont\u00e9 de transparence du gouvernement. D\u2019autres, moins diplomates, y ont vu la main de politiciens encagoul\u00e9s. Quand l\u2019on ne dispose comme outil que du marteau, tous les probl\u00e8mes sont transform\u00e9s en clou. Il convient donc de r\u00e9tablir les faits.<br><br>La Cour des Comptes avait inscrit dans son programme annuel 2021 l\u2019audit de la gestion des Fonds COVID-19 pour des raisons \u00e9videntes li\u00e9es aux montants en jeu, \u00e0 la sensibilit\u00e9 de la question et aux engagements vis \u00e0 vis des diff\u00e9rents bailleurs. Leur seule obligation est d\u2019en informer le Pr\u00e9sident de la R\u00e9publique et le Pr\u00e9sident de l\u2019Assembl\u00e9e nationale.<br><br>En ce qui concerne la publication, l\u2019article 3 de la Loi organique 2012-23 du 23 d\u00e9cembre 2012 sur la Cour des Comptes pr\u00e9voit, en dehors du rapport public g\u00e9n\u00e9ral annuel, que la Cour \u00ab peut, en outre, dans le cadre de ses contr\u00f4les, \u00e9tablir des rapports publics sur des entit\u00e9s, des th\u00e8mes particuliers ou des secteurs d\u00e9termin\u00e9s \u00bb. C\u2019est cette facult\u00e9 qui a \u00e9t\u00e9 mise en \u0153uvre souverainement par la Cour.<br><br>D\u2019ailleurs, les autorit\u00e9s du pouvoir ont d\u00fb \u00eatre surprises par cette affaire, c\u2019est ce qui explique le baratin incoh\u00e9rent du ministre des Finances et du Budget qui cherche \u00e0 minimiser le dossier en en limitant l\u2019enjeu \u00e0 quelques fautes de gestion sur 0,7 % du budget global soit un peu moins de 7 milliards. De plus, il s\u2019est lanc\u00e9 dans une valorisation a posteriori des hauts faits de Macky SALL en mati\u00e8re de transparence.<br><br>Il fait semblant d\u2019oublier que le Macky SALL de 2012-2013 n\u2019est pas celui d\u2019aujourd\u2019hui. Le Macky SALL, champion de la transparence et de la lutte contre la corruption, promoteur de la loi organique sur la Cour des Comptes qui tardait \u00e0 sortir du circuit, g\u00e9niteur de l\u2019OFNAC pour remplacer une commission inefficace, organe \u00ab destin\u00e9 \u00bb \u00e0 ses partisans qu\u2019il jurait de ne pas prot\u00e9ger, animateur de la d\u00e9claration de patrimoine, restaurateur de la Cour de R\u00e9pression de l\u2019Enrichissement illicite (CREI) et artisan de la traque des biens mal acquis pour r\u00e9pondre \u00e0 une demande sociale, n\u2019est plus. Ce cap a \u00e9t\u00e9 abandonn\u00e9. M\u00eame l\u2019expression \u00ab lutte contre la corruption \u00bb est bannie du discours officiel.<br><br>Le ministre des Finances et du Budget sait parfaitement que sa responsabilit\u00e9 et celle de son pr\u00e9d\u00e9cesseur sont largement engag\u00e9es dans le laxisme organis\u00e9 et les trois premi\u00e8res recommandations de Cour des Comptes sont r\u00e9v\u00e9latrices des manquements sans lesquels le forfait n\u2019aurait pas pu se produire. Les op\u00e9rations de communication de saupoudrage (Tuuf Kaani) post covid et les rapports de riposte n\u2019y feront rien.<br><br>Malheureusement, la maladie du \u00ab larbinisme de proximit\u00e9 \u00bb guette tous les hauts fonctionnaires comp\u00e9tents mais qui n\u2019ont pas la personnalit\u00e9 et la carrure n\u00e9cessaires pour refuser de sortir de leur p\u00e9rim\u00e8tre c\u2019est-\u00e0-dire servir exclusivement l\u2019\u00c9tat et non les hommes politiques. Les premiers sympt\u00f4mes de cette maladie sont la justification de l\u2019injustifiable et la mise en \u0153uvre d\u2019ordres manifestement ill\u00e9gaux.<br><br>Il vous est loisible d\u2019aider les fautifs \u00e0 se d\u00e9fendre, de les appuyer sur les factures et aupr\u00e8s des fournisseurs. Sachez que sur ce dossier, c\u2019est trop tard pour rectifier le tir, vous \u00eates devanc\u00e9 par la r\u00e9alit\u00e9, l\u2019opinion, l\u2019opposition et le bon sens. La meilleure fa\u00e7on de ruiner une cr\u00e9dibilit\u00e9, m\u00eame pr\u00e9sum\u00e9e, est d\u2019engager une bataille dans laquelle la perte de plumes est assur\u00e9e. A bon entendeur, salut !<br><br>On comprend mieux combien l\u2019intervention de la Cour des Comptes a \u00e9t\u00e9 salutaire. &nbsp;Par ordonnance n\u00b0 75\/CC\/CABF\/G du 18 juin 2021, elle a mis en place une \u00e9quipe pour l\u2019audit des fonds COVID. La mission d\u2019audit est alors lanc\u00e9e le 19 juillet 2021. Deux mois apr\u00e8s, le fonds est dissous par d\u00e9cret. Jugez-en vous-m\u00eames.&nbsp;<\/p>\n\n\n\n<p><\/p>\n\n\n\n<p><strong>Un \u00e9chantillon des actes r\u00e9pugnants dans la gestion des Fonds COVID-19<\/strong><br><br>Le boulevard de la facilitation de la dilapidation des fonds COVID-19, ing\u00e9nieusement trac\u00e9 \u00e0 travers un cadre juridique qui paralyse tout contr\u00f4le, a permis les constatations renversantes de la Cour des Comptes dans le rapport d\u2019ao\u00fbt 2022. La Cour des Comptes doit \u00eatre f\u00e9licit\u00e9e comme tous les corps de contr\u00f4le qui se heurtent au coude pesant plac\u00e9 sur leurs dossiers produits apr\u00e8s plusieurs nuits blanches.<br><br>Le premier responsable de ces graves dysfonctionnements est le minist\u00e8re charg\u00e9 des finances. Le \u00ab laisser faire, laisser aller \u00bb n\u2019\u00e9tait pas d\u00e9sint\u00e9ress\u00e9. En effet, le minist\u00e8re des finances a profit\u00e9 des Fonds pour s\u2019acquitter de sa dette envers des fournisseurs \u00e0 hauteur de 19 milliards FCFA et de financer des op\u00e9rations diverses sans couverture budg\u00e9taire (subventions Senelec, cartes biom\u00e9triques, intrants agricoles, tracteurs dettes aux huiliers, les travaux de l\u2019Universit\u00e9 Amadou Makhtar MBow et le paiement de bourses) \u00e0 hauteur de 19 milliards. De plus, entre la transmission et la r\u00e9ception des fonds entre le minist\u00e8re et les b\u00e9n\u00e9ficiaires, un montant de 19 milliards demeure introuvable. Tous les esprits sont tourn\u00e9s vers le sort r\u00e9serv\u00e9 aux contributions volontaires des S\u00e9n\u00e9galais qui s\u2019\u00e9l\u00e8vent \u00e9galement \u00e0 19 milliards. Tenez vous bien 36, 1 % soit 268 milliards des Fonds COVID ont permis \u00e0 l\u2019\u00c9tat de r\u00e9sorber des arri\u00e9r\u00e9s dont le paiement \u00e9tait pr\u00e9vu dans la loi de finances initiale.<br><br>D\u2019autres d\u00e9penses sans lien avec la COVID ont \u00e9t\u00e9 effectu\u00e9es y compris pour l\u2019achat de bacs \u00e0 fleurs dans huit secteurs dont 29 milliards pour le paiement des dettes de loyer des services de l\u2019\u00c9tat.<br><br>Enfin, le minist\u00e8re des Finances a vers\u00e9 de l\u2019argent dans des comptes irr\u00e9guli\u00e8rement ouverts dans les \u00e9tablissements bancaires et tenus par des gestionnaires dont les conditions de nominations sont ill\u00e9gales. La gestion \u00ab sobre et vertueuse \u00bb des fonds COVID a fait oublier la r\u00e9glementation \u00e0 tout ce beau monde. Le Fonds Covid-19 a fait office de \u00ab Budget Solution \u00bb au Minist\u00e8re des Finances.<br><br>La valse des surfacturations, les retraits r\u00e9p\u00e9titifs d\u2019esp\u00e8ces sonnantes et tr\u00e9buchantes, les comptes ill\u00e9gaux, les d\u00e9penses sans contrat de march\u00e9s, les paiements sans service fait, les aides \u00e0 des b\u00e9n\u00e9ficiaires fictifs, les retards de plus 100 jours sans aucune p\u00e9nalit\u00e9, la concentration des march\u00e9s pour les m\u00eames entreprises ou pour des entreprises li\u00e9es, les avances de d\u00e9marrage substantiels non \u00a0d\u00e9duites au moment du paiement, les paiements sans couverture budg\u00e9taire, les contrats non enregistr\u00e9s, les march\u00e9s hors p\u00e9riode d\u00e9rogatoire, ont marqu\u00e9 au fer rouge la gestion du Fonds COVID-19.<br><br>Sur un autre registre, la gestion des Fonds COVID-19 a r\u00e9v\u00e9l\u00e9 un traitement sans rigueur des entreprises : h\u00f4tels pay\u00e9s sans r\u00e9quisition, subventions pay\u00e9es en surplus, attributions injustifi\u00e9es de titres d\u2019exon\u00e9ration, destination douteuse des marchandises exon\u00e9r\u00e9es, attribution de march\u00e9s \u00e0 des entreprises sans aucune r\u00e9f\u00e9rence, etc.<br><br>Pendant ce temps, d\u2019honn\u00eates citoyens ont \u00e9t\u00e9 priv\u00e9s de leurs activit\u00e9s \u00e9conomiques, confin\u00e9s dans leurs maisons, laiss\u00e9s sans gaz respiratoire dans les h\u00f4pitaux g\u00e9r\u00e9s, dans le stress permanent, par un personnel de sant\u00e9 expos\u00e9. Le souvenir des souffrances v\u00e9cues lors de la COVID, des d\u00e9c\u00e8s enregistr\u00e9s et autres drames familiaux, est encore plus douloureux quand on imagine que les moyens mobilis\u00e9s pour faire face \u00e0 la pand\u00e9mie ont pu servir \u00e0 remplir les poches de quelques roublards.<br>Aller plus loin\u2026<br>Malgr\u00e9 les faits scandaleux ainsi relat\u00e9s, le myst\u00e8re n\u2019est pas encore totalement perc\u00e9 et l\u2019Assembl\u00e9e nationale jouera \u00e0 coup s\u00fbr sa partition pour que la lumi\u00e8re soit faite. L\u2019interpellation du Premier Ministre par deux honorables d\u00e9put\u00e9s, Guy Marius Sagna et Aminata Tour\u00e9, constitue d\u00e9j\u00e0 un premier pas.<br>La man\u0153uvre consistant \u00e0 \u00ab confier \u00bb le dossier au Premier Ministre est une fa\u00e7on de l\u2019ensevelir. La proc\u00e9dure est mise en branle par la Cour des Comptes pour les fautes de gestion et les d\u00e9lits pr\u00e9sum\u00e9s. Nul besoin d\u2019une quelconque intervention de quelque membre du Gouvernement.<br>Il faut aller plus loin. La Cour des Comptes n\u2019a pas re\u00e7u toutes les informations r\u00e9clam\u00e9es notamment de la part du minist\u00e8re de la Sant\u00e9 et de l\u2019Action sociale. Le sort des donn\u00e9es collect\u00e9es m\u00e9rite une attention particuli\u00e8re ainsi que les modalit\u00e9s de r\u00e9partition des fonds, l\u2019interaction entre les Directeurs d\u2019Administration g\u00e9n\u00e9rale et de l\u2019\u00c9quipement (DAGE) et les fournisseurs, le r\u00f4le des ministres concern\u00e9s, l\u2019identification des b\u00e9n\u00e9ficiaires \u00e9conomiques r\u00e9els des entreprises attributaires des march\u00e9s et les prises ill\u00e9gales d\u2019int\u00e9r\u00eats de toutes sortes.<br><br>D\u2019autres questions de fond nous interpellent dont l\u2019encadrement juridique des march\u00e9s publics par d\u00e9cret. Les r\u00e8gles doivent \u00eatre fix\u00e9es par voie l\u00e9gislative pour prot\u00e9ger les deniers publics. Les situations d\u2019urgence ou de calamit\u00e9 ne doivent, en aucun cas, justifier l\u2019am\u00e9nagement d\u2019un boulevard de malversations et d\u2019impunit\u00e9, m\u00eame par voie d\u2019habilitation l\u00e9gislative.<br><br>Dans l\u2019espoir que d\u2019autres rapports suivront sur les op\u00e9rations de secours du Plan ORSEC, les comp\u00e9titions sportives internationales, l\u2019acquisition des armes et munitions, les intrants dans l\u2019agriculture, la construction des stades, les fonds destin\u00e9s aux inondations et j\u2019en passe, il est temps de d\u00e9barquer les passagers clandestins qui campent au c\u0153ur de l\u2019\u00c9tat et qui, jour apr\u00e8s jour, deviennent plus cupides et plus f\u00e9roces, au point de pincer les d\u00e9pouilles mortelles.\u00a0<br>Leur d\u00e9barquement est une mission et un devoir. Voil\u00e0 le gage d\u2019une v\u00e9ritable rupture politique dans la gestion de l\u2019\u00c9tat.\u00a0<\/p>\n\n\n\n<p><br>Bukki b\u00ebnn bunt, bunt b\u00ebnn b\u00ebt\u00ebm\u00a0<\/p>\n\n\n\n<p><em><strong>Boubacar CAMARA Kam\u00e2h<\/strong><\/em><br><em><strong>D\u00e9cembre 2022<\/strong><\/em><\/p>\n","protected":false},"excerpt":{"rendered":"<p>Imaginez un instant une ambulance remplie de malades agonisants et qui manquent de tout, notamment de gaz respiratoire. Des patients<\/p>\n","protected":false},"author":1,"featured_media":5458,"comment_status":"open","ping_status":"open","sticky":false,"template":"","format":"standard","meta":{"footnotes":""},"categories":[21],"tags":[],"class_list":["post-5457","post","type-post","status-publish","format-standard","has-post-thumbnail","hentry","category-societe"],"_links":{"self":[{"href":"https:\/\/dekkbi.com\/index.php?rest_route=\/wp\/v2\/posts\/5457","targetHints":{"allow":["GET"]}}],"collection":[{"href":"https:\/\/dekkbi.com\/index.php?rest_route=\/wp\/v2\/posts"}],"about":[{"href":"https:\/\/dekkbi.com\/index.php?rest_route=\/wp\/v2\/types\/post"}],"author":[{"embeddable":true,"href":"https:\/\/dekkbi.com\/index.php?rest_route=\/wp\/v2\/users\/1"}],"replies":[{"embeddable":true,"href":"https:\/\/dekkbi.com\/index.php?rest_route=%2Fwp%2Fv2%2Fcomments&post=5457"}],"version-history":[{"count":1,"href":"https:\/\/dekkbi.com\/index.php?rest_route=\/wp\/v2\/posts\/5457\/revisions"}],"predecessor-version":[{"id":5459,"href":"https:\/\/dekkbi.com\/index.php?rest_route=\/wp\/v2\/posts\/5457\/revisions\/5459"}],"wp:featuredmedia":[{"embeddable":true,"href":"https:\/\/dekkbi.com\/index.php?rest_route=\/wp\/v2\/media\/5458"}],"wp:attachment":[{"href":"https:\/\/dekkbi.com\/index.php?rest_route=%2Fwp%2Fv2%2Fmedia&parent=5457"}],"wp:term":[{"taxonomy":"category","embeddable":true,"href":"https:\/\/dekkbi.com\/index.php?rest_route=%2Fwp%2Fv2%2Fcategories&post=5457"},{"taxonomy":"post_tag","embeddable":true,"href":"https:\/\/dekkbi.com\/index.php?rest_route=%2Fwp%2Fv2%2Ftags&post=5457"}],"curies":[{"name":"wp","href":"https:\/\/api.w.org\/{rel}","templated":true}]}}