{"id":54564,"date":"2025-04-08T10:46:44","date_gmt":"2025-04-08T10:46:44","guid":{"rendered":"https:\/\/dekkbi.com\/?p=54564"},"modified":"2025-04-08T10:46:45","modified_gmt":"2025-04-08T10:46:45","slug":"parole-a-la-defense-de-nicolas-sarkozy-au-dernier-jour-du-proces-des-soupcons-de-financement-libyen","status":"publish","type":"post","link":"https:\/\/dekkbi.com\/?p=54564","title":{"rendered":"Parole \u00e0 la d\u00e9fense de Nicolas Sarkozy, au dernier jour du proc\u00e8s des soup\u00e7ons de financement libyen"},"content":{"rendered":"\n<p>Ils vont soutenir la relaxe de Nicolas Sarkozy avant que le tribunal ne se retire pour d\u00e9lib\u00e9rer: au bout de trois mois d&rsquo;audiences, les avocats de l&rsquo;ancien pr\u00e9sident plaident mardi apr\u00e8s-midi, au dernier jour du proc\u00e8s des soup\u00e7ons de financement libyen.<\/p>\n\n\n\n<p>Mes Christophe Ingrain et Jean-Michel Darrois doivent s&rsquo;exprimer \u00e0 partir de 13H30 en pr\u00e9sence, selon son entourage, de l&rsquo;ex-chef de l&rsquo;Etat, 70 ans, qui n&rsquo;a eu de cesse de clamer son innocence.<\/p>\n\n\n\n<p>Les pr\u00e9venus auront ensuite, s&rsquo;ils le souhaitent, la parole en dernier, puis le tribunal annoncera la date \u00e0 laquelle il rendra son jugement &#8211; pas avant plusieurs mois.<\/p>\n\n\n\n<p>Cette journ\u00e9e marquera l&rsquo;\u00e9pilogue d&rsquo;un proc\u00e8s in\u00e9dit o\u00f9 sont jug\u00e9s depuis le 6 janvier le 6e pr\u00e9sident de la Ve R\u00e9publique (2007-2012) ainsi que 11 autres pr\u00e9venus, dont trois anciens ministres.<\/p>\n\n\n\n<p>Nicolas Sarkozy est soup\u00e7onn\u00e9 d&rsquo;avoir nou\u00e9 en 2005, via ses plus proches collaborateurs, un \u00ab\u00a0pacte de corruption\u00a0\u00bb avec le dictateur libyen Mouammar Kadhafi, afin qu&rsquo;il finance sa campagne pr\u00e9sidentielle victorieuse de 2007.<\/p>\n\n\n\n<p>Et ce, selon l&rsquo;accusation, en \u00e9change de contreparties diplomatiques, \u00e9conomiques et juridiques, en particulier un soutien au retour de la Libye sur la sc\u00e8ne internationale apr\u00e8s des ann\u00e9es d&#8217;embargo li\u00e9 aux attentats commis par le r\u00e9gime.<\/p>\n\n\n\n<p>Au rythme de trois apr\u00e8s-midis par semaine, le tribunal pr\u00e9sid\u00e9 par Nathalie Gavarino a patiemment examin\u00e9 chacun des indices rassembl\u00e9s par les juges d&rsquo;instruction pendant une d\u00e9cennie d&rsquo;investigations tr\u00e8s complexes, questionnant t\u00e9moins et pr\u00e9venus souvent jusque tard dans la soir\u00e9e.<\/p>\n\n\n\n<p>A l&rsquo;issue de trois journ\u00e9es de r\u00e9quisitoire, le parquet national financier (PNF) a requis sept ans d&#8217;emprisonnement, 300.000 euros d&rsquo;amende et cinq ans d&rsquo;in\u00e9ligibilit\u00e9 contre Nicolas Sarkozy.<\/p>\n\n\n\n<p>Afin de \u00ab\u00a0satisfaire ses ambitions politiques d\u00e9vorantes\u00a0\u00bb, l&rsquo;ancien locataire de l&rsquo;Elys\u00e9e a nou\u00e9 \u00ab\u00a0un pacte de corruption faustien avec un des dictateurs les plus infr\u00e9quentables de ces 30 derni\u00e8res ann\u00e9es\u00a0\u00bb, a affirm\u00e9 l&rsquo;un des procureurs.<\/p>\n\n\n\n<h2 class=\"wp-block-heading\">\u00ab\u00a0Outrance\u00a0\u00bb<\/h2>\n\n\n\n<figure class=\"wp-block-image\"><img decoding=\"async\" src=\"https:\/\/information.tv5monde.com\/sites\/tv5-info\/files\/styles\/entete\/public\/2025-04\/field_media_image-2915851-49183d5c2ed1b697452c20963372767c270d44de.jpg?itok=5DKGs31V\" alt=\"Croquis d'audience repr\u00e9sentant, de droite \u00e0 gauche: l'ex-pr\u00e9sident fran\u00e7ais Nicolas Sarkozy, le d\u00e9put\u00e9 Eric Woerth, l'ancien ministre de l'Int\u00e9rieur Brice Hortefeux, l'ancien ministre de l'Int\u00e9rieur Claude Gu\u00e9ant, le 6 janvier 2025 au tribunal de Paris\" title=\"Croquis d'audience repr\u00e9sentant, de droite \u00e0 gauche: l'ex-pr\u00e9sident fran\u00e7ais Nicolas Sarkozy, le d\u00e9put\u00e9 Eric Woerth, l'ancien ministre de l'Int\u00e9rieur Brice Hortefeux, l'ancien ministre de l'Int\u00e9rieur Claude Gu\u00e9ant, le 6 janvier 2025 au tribunal de Paris\"\/><\/figure>\n\n\n\n<p>Croquis d&rsquo;audience repr\u00e9sentant, de droite \u00e0 gauche: l&rsquo;ex-pr\u00e9sident fran\u00e7ais Nicolas Sarkozy, le d\u00e9put\u00e9 Eric Woerth, l&rsquo;ancien ministre de l&rsquo;Int\u00e9rieur Brice Hortefeux, l&rsquo;ancien ministre de l&rsquo;Int\u00e9rieur Claude Gu\u00e9ant, le 6 janvier 2025 au tribunal de Paris   &#8211; AFP\/Archives  &#8211; Benoit PEYRUCQ<\/p>\n\n\n\n<p>Pour les trois parquetiers, Nicolas Sarkozy est le \u00ab\u00a0v\u00e9ritable commanditaire\u00a0\u00bb de ce pacte mis en oeuvre par ses plus proches, Claude Gu\u00e9ant et Brice Hortefeux, qui ont adopt\u00e9 l&rsquo;attitude \u00ab\u00a0d&rsquo;hommes de mains\u00a0\u00bb en prot\u00e9geant leur chef jusque dans la salle d&rsquo;audience.<\/p>\n\n\n\n<p>Imm\u00e9diatement, Nicolas Sarkozy a d\u00e9nonc\u00e9 \u00ab\u00a0la fausset\u00e9 et la violence des accusations et l&rsquo;outrance de la peine r\u00e9clam\u00e9e\u00a0\u00bb, qui ne visent selon lui qu&rsquo;\u00e0 \u00ab\u00a0masquer la faiblesse des charges all\u00e9gu\u00e9es\u00a0\u00bb. Il a ajout\u00e9 vouloir \u00ab\u00a0croire dans la sagesse du tribunal\u00a0\u00bb.<\/p>\n\n\n\n<p>Sa d\u00e9fense affirme qu&rsquo;aucun des flux financiers d\u00e9taill\u00e9s par l&rsquo;accusation n&rsquo;a pu alimenter la campagne, dans laquelle selon eux aucun argent liquide d&rsquo;origine libyenne n&rsquo;a \u00e9t\u00e9 identifi\u00e9.<\/p>\n\n\n\n<p>Ses avocats estiment que ces accusations ont \u00e9t\u00e9 construites r\u00e9trospectivement par les Libyens afin de se venger de l&rsquo;intervention internationale men\u00e9e notamment par Nicolas Sarkozy et qui a abouti \u00e0 la mort de Mouammar Kadhafi en octobre 2011.<\/p>\n\n\n\n<p>Ils assurent que les contreparties all\u00e9gu\u00e9es n&rsquo;existent pas, soit parce que le ministre puis pr\u00e9sident n&rsquo;aurait fait que poursuivre des politiques ant\u00e9rieures, soit parce qu&rsquo;il n&rsquo;aurait pas pu, de par ses fonctions, influer sur les processus bilat\u00e9raux en cause.<\/p>\n\n\n\n<p>D\u00e9finitivement condamn\u00e9 \u00e0 un an de prison ferme pour corruption et trafic d&rsquo;influence dans l&rsquo;affaire dite des \u00e9coutes ou Bismuth, il s&rsquo;est vu poser le 7 f\u00e9vrier un bracelet \u00e9lectronique \u00e0 la cheville.<\/p>\n\n\n\n<p>Ce proc\u00e8s a aussi vu \u00e0 la barre trois anciens ministres.<\/p>\n\n\n\n<p>Le minist\u00e8re public a requis six ans de prison et 100.000 euros d&rsquo;amende contre Claude Gu\u00e9ant, trois ans de prison et 150.000 euros d&rsquo;amende contre Brice Hortefeux, un an de prison am\u00e9nag\u00e9 sous bracelet contre le tr\u00e9sorier de la campagne Eric Woerth.<\/p>\n\n\n\n<p>Lundi, leurs conseils ont plaid\u00e9 contre le \u00ab\u00a0roman\u00a0\u00bb imagin\u00e9 par le parquet financier, estimant que \u00ab\u00a0le plausible\u00a0\u00bb ne \u00ab\u00a0suffit pas\u00a0\u00bb pour condamner et d\u00e9peignant un dossier fait d'\u00a0\u00bbextrapolation\u00a0\u00bb et \u00ab\u00a0pataugeage\u00a0\u00bb, un \u00ab\u00a0ch\u00e2teau de cartes\u00a0\u00bb ne demandant qu&rsquo;\u00e0 s&rsquo;\u00e9crouler.<\/p>\n\n\n\n<p>Par Anne LEC&rsquo;HVIEN et Marie DHUMIERES &#8211; \u00a9 2025 AFP<\/p>\n","protected":false},"excerpt":{"rendered":"<p>Ils vont soutenir la relaxe de Nicolas Sarkozy avant que le tribunal ne se retire pour d\u00e9lib\u00e9rer: au bout de<\/p>\n","protected":false},"author":1,"featured_media":4330,"comment_status":"open","ping_status":"open","sticky":false,"template":"","format":"standard","meta":{"footnotes":""},"categories":[51],"tags":[],"class_list":["post-54564","post","type-post","status-publish","format-standard","has-post-thumbnail","hentry","category-general"],"_links":{"self":[{"href":"https:\/\/dekkbi.com\/index.php?rest_route=\/wp\/v2\/posts\/54564","targetHints":{"allow":["GET"]}}],"collection":[{"href":"https:\/\/dekkbi.com\/index.php?rest_route=\/wp\/v2\/posts"}],"about":[{"href":"https:\/\/dekkbi.com\/index.php?rest_route=\/wp\/v2\/types\/post"}],"author":[{"embeddable":true,"href":"https:\/\/dekkbi.com\/index.php?rest_route=\/wp\/v2\/users\/1"}],"replies":[{"embeddable":true,"href":"https:\/\/dekkbi.com\/index.php?rest_route=%2Fwp%2Fv2%2Fcomments&post=54564"}],"version-history":[{"count":1,"href":"https:\/\/dekkbi.com\/index.php?rest_route=\/wp\/v2\/posts\/54564\/revisions"}],"predecessor-version":[{"id":54565,"href":"https:\/\/dekkbi.com\/index.php?rest_route=\/wp\/v2\/posts\/54564\/revisions\/54565"}],"wp:featuredmedia":[{"embeddable":true,"href":"https:\/\/dekkbi.com\/index.php?rest_route=\/wp\/v2\/media\/4330"}],"wp:attachment":[{"href":"https:\/\/dekkbi.com\/index.php?rest_route=%2Fwp%2Fv2%2Fmedia&parent=54564"}],"wp:term":[{"taxonomy":"category","embeddable":true,"href":"https:\/\/dekkbi.com\/index.php?rest_route=%2Fwp%2Fv2%2Fcategories&post=54564"},{"taxonomy":"post_tag","embeddable":true,"href":"https:\/\/dekkbi.com\/index.php?rest_route=%2Fwp%2Fv2%2Ftags&post=54564"}],"curies":[{"name":"wp","href":"https:\/\/api.w.org\/{rel}","templated":true}]}}