{"id":54521,"date":"2025-04-08T09:37:00","date_gmt":"2025-04-08T09:37:00","guid":{"rendered":"https:\/\/dekkbi.com\/?p=54521"},"modified":"2025-04-08T09:37:01","modified_gmt":"2025-04-08T09:37:01","slug":"colloque-international-sur-la-diplomatie-religieuse-le-senegal-un-modele-pour-federer-les-religions-dans-la-paix","status":"publish","type":"post","link":"https:\/\/dekkbi.com\/?p=54521","title":{"rendered":"Colloque International sur la Diplomatie Religieuse : le S\u00e9n\u00e9gal, un mod\u00e8le pour f\u00e9d\u00e9rer les religions dans la paix"},"content":{"rendered":"\n<p>L\u2019universit\u00e9 Cheikh Anta Diop (UCAD) de Dakar abrite depuis lundi, un colloque international de deux jours sur la diplomatie religieuse sur la th\u00e9matique: \u201cEnjeux \u00e9pist\u00e9mologiques et d\u00e9fis soci\u00e9taux\u201d destin\u00e9s \u00e0 promouvoir une paix durable dans le monde \u00e0 travers un dialogue inter-religieux constructif.<br>C\u2019est \u00e0 l\u2019initiative de l\u2019Ong Fawzi Wa Nadjati du khalife g\u00e9n\u00e9ral de Bambilor, Thierno Amadou Tidiane Ba, en partenariat avec l\u2019Institut des politiques publiques (IPP) de l\u2019Ucad. Intellectuels, universitaires, chefs religieux, repr\u00e9sentants du Vatican, responsables d\u2019institutions publiques, diplomates, \u00e9tudiants entre autres ont pris part \u00e0 cette rencontre scientifique de tr\u00e8s haut niveau.<\/p>\n\n\n\n<p>Selon le khalife de Bambilor, Thierno Amadou Tidiane Ba, la diplomatie religieuse constitue une opportunit\u00e9 devant permettre de comprendre que \u201cla paix n\u2019est pas l\u2019apanage des \u00c9tats ou des gouvernements, mais bien le fruit de l\u2019action collectif de l\u2019humanit\u00e9 toute enti\u00e8re\u201d. \u201cNous avons tous un r\u00f4le \u00e0 jouer dans la construction de la paix. Il ne s\u2019agit pas d\u2019attendre que les \u00c9tats ou les politiciens agissent seuls, mais plut\u00f4t de participer activement, individuellement et collectivement, pour d\u00e9passer les barri\u00e8res qui nous divisent\u201d, a-t-il indiqu\u00e9 dans un auditorium archicomble de l\u2019Ucad avant d\u2019ajouter: \u201cles religions, loin de diviser, doivent \u00eatre des catalyseurs de r\u00e9conciliation. La diplomatie religieuse ne doit jamais \u00eatre un substitut, mais un compl\u00e9ment pr\u00e9cieux \u00e0 la diplomatie classique ou conventionnelle\u201d.<\/p>\n\n\n\n<p>Poursuivant, l\u2019ambassadeur de la diplomatie religieuse dira: \u201d c\u2019est \u00e0 nous, citoyens du monde, croyants, hommes et femmes, de bonne volont\u00e9 de travailler ensemble avec nos dirigeants pour cr\u00e9er un monde, o\u00f9 l\u2019empathie et le respect l\u2019emportent sur sur la haine et la peur\u201d.<\/p>\n\n\n\n<p>Pour sa part, le pr\u00e9sident du comit\u00e9 d\u2019organisation du colloque, Demba Thil\u00e9l Diallo, est largement revenu sur la place centrale qu\u2019occupe la diplomatie religieuse dans la qu\u00eate de paix et la pr\u00e9vention des conflits. \u201cLe premier objectif est de poser les jalons d\u2019une recherche scientifique en diplomatie religieuse. C\u2019est une perspective \u00e9pist\u00e9mologie qui vise \u00e0 dresser les contours de la diplomatie religieuse pour qu\u2019on sache de quoi il s\u2019agit. Le deuxi\u00e8me objectif est de cr\u00e9er un convivant entre les diff\u00e9rentes religions. Le S\u00e9n\u00e9gal est un mod\u00e8le en terme de dialogue inter-religieux. Pour le troisi\u00e8me objectif, nous voudrions faire de l\u2019Universit\u00e9 de Dakar, un centre d\u2019incubation en diplomatie religieuse. Ce colloque international est organis\u00e9 pour rendre un hommage au Khalife g\u00e9n\u00e9ral du Bambilor, Thierno Amadou Tidiane Ba\u201d, a d\u00e9clar\u00e9 dans son discours d\u2019ouverture, le pr\u00e9sident du Comit\u00e9 d\u2019organisation du CIDIR (colloque international sur la diplomatie religieuse), Dr Demba Thil\u00e9l Diallo. Au cour de ce colloque anim\u00e9 par le Pr Abdoul Aziz K\u00e9b\u00e9, ancien d\u00e9l\u00e9gu\u00e9 g\u00e9n\u00e9ral aux lieux saints de l\u2019Islam, le repr\u00e9sentant du Saint Si\u00e8ge, Monseigneur Valdemer Stanislaw Sommertag dira: \u201cla diplomatie religieuse n\u2019est pas une option p\u00e9riph\u00e9rique mais un composant essentiel dans la r\u00e9solution des conflits\u201d.<\/p>\n\n\n\n<p>Selon le nonce apostolique au S\u00e9n\u00e9gal, \u201cla diplomatie dans sa forme la plus traditionnelle est per\u00e7ue comme un outil politique\u201d, avant de signaler que de nos jours, elle est en train de prendre d\u2019autres formes (culturelle, \u00e9conomique, religieuse) pour l\u2019instauration de la coop\u00e9ration et la promotion du dialogue.<\/p>\n\n\n\n<p>Prenant part \u00e0 la rencontre, l\u2019ambassadeur de l\u2019Union europ\u00e9enne \u00e0 Dakar, Jean Marc Pisani, de souligner que le dialogue inter-religieux, tel que pratiqu\u00e9 au S\u00e9n\u00e9gal, constitue un patrimoine vivant \u00e0 transmettre aux jeunes g\u00e9n\u00e9rations\u201d. Selon, lui, la diplomatie religieuse d\u00e9montre que \u201cderri\u00e8re les politiques et les id\u00e9ologies, il y a les croyances et les identit\u00e9s\u2019\u201d.<\/p>\n\n\n\n<p>Aly Saleh<br>SUDQUOTIDIEN<\/p>\n","protected":false},"excerpt":{"rendered":"<p>L\u2019universit\u00e9 Cheikh Anta Diop (UCAD) de Dakar abrite depuis lundi, un colloque international de deux jours sur la diplomatie religieuse<\/p>\n","protected":false},"author":1,"featured_media":54522,"comment_status":"open","ping_status":"open","sticky":false,"template":"","format":"standard","meta":{"footnotes":""},"categories":[21],"tags":[],"class_list":["post-54521","post","type-post","status-publish","format-standard","has-post-thumbnail","hentry","category-societe"],"_links":{"self":[{"href":"https:\/\/dekkbi.com\/index.php?rest_route=\/wp\/v2\/posts\/54521","targetHints":{"allow":["GET"]}}],"collection":[{"href":"https:\/\/dekkbi.com\/index.php?rest_route=\/wp\/v2\/posts"}],"about":[{"href":"https:\/\/dekkbi.com\/index.php?rest_route=\/wp\/v2\/types\/post"}],"author":[{"embeddable":true,"href":"https:\/\/dekkbi.com\/index.php?rest_route=\/wp\/v2\/users\/1"}],"replies":[{"embeddable":true,"href":"https:\/\/dekkbi.com\/index.php?rest_route=%2Fwp%2Fv2%2Fcomments&post=54521"}],"version-history":[{"count":1,"href":"https:\/\/dekkbi.com\/index.php?rest_route=\/wp\/v2\/posts\/54521\/revisions"}],"predecessor-version":[{"id":54523,"href":"https:\/\/dekkbi.com\/index.php?rest_route=\/wp\/v2\/posts\/54521\/revisions\/54523"}],"wp:featuredmedia":[{"embeddable":true,"href":"https:\/\/dekkbi.com\/index.php?rest_route=\/wp\/v2\/media\/54522"}],"wp:attachment":[{"href":"https:\/\/dekkbi.com\/index.php?rest_route=%2Fwp%2Fv2%2Fmedia&parent=54521"}],"wp:term":[{"taxonomy":"category","embeddable":true,"href":"https:\/\/dekkbi.com\/index.php?rest_route=%2Fwp%2Fv2%2Fcategories&post=54521"},{"taxonomy":"post_tag","embeddable":true,"href":"https:\/\/dekkbi.com\/index.php?rest_route=%2Fwp%2Fv2%2Ftags&post=54521"}],"curies":[{"name":"wp","href":"https:\/\/api.w.org\/{rel}","templated":true}]}}