{"id":54519,"date":"2025-04-08T09:34:53","date_gmt":"2025-04-08T09:34:53","guid":{"rendered":"https:\/\/dekkbi.com\/?p=54519"},"modified":"2025-04-08T09:34:53","modified_gmt":"2025-04-08T09:34:53","slug":"non-cumul-des-fonctions-de-president-de-la-republique-et-chef-de-parti-diomaye-allege-le-dialogue-politique","status":"publish","type":"post","link":"https:\/\/dekkbi.com\/?p=54519","title":{"rendered":"Non cumul des fonctions de pr\u00e9sident de la R\u00e9publique et chef de parti : Diomaye all\u00e8ge le dialogue politique"},"content":{"rendered":"\n<p><strong>Programm\u00e9 par le chef de l\u2019Etat, Bassirou Diomaye Diakhar Faye pour le 28 mai prochain, le dialogue politique sera marqu\u00e9 par une avanc\u00e9e majeure sur l\u2019un des quatre points ayant toujours cristallis\u00e9 les tensions lors des diff\u00e9rentes concertations politiques men\u00e9es au sein de la commission cellulaire du dialogue politique depuis 2012. En effet, en annon\u00e7ant, lors de sa premi\u00e8re adresse \u00e0 la Nation, le mercredi 3 avril 2024, sa d\u00e9mission du poste de Secr\u00e9taire g\u00e9n\u00e9ral de Pastef pour \u00ab mieux se concentrer sur ses nouvelles fonctions de Pr\u00e9sident de la R\u00e9publique de tous les S\u00e9n\u00e9galais \u00bb, le chef de l\u2019\u00c9tat avait tout simplement \u00f4t\u00e9, \u00e0 travers cette d\u00e9cision historique, une grosse \u00e9pine du pied des acteurs politiques&nbsp;: le cumul des fonctions de chef de l\u2019Etat et chef et\/ou dirigeant de parti.<\/strong><\/p>\n\n\n\n<p>Le dialogue politique annonc\u00e9 par le chef de l\u2019\u00c9tat, Bassirou Diomaye Diakhar Faye, pour le 28 mai prochain, devrait marquer une avanc\u00e9e majeure sur l\u2019un des points ayant toujours cristallis\u00e9 les tensions lors des diff\u00e9rentes concertations politiques men\u00e9es au sein de la commission cellulaire du dialogue politique depuis 2012. Il s\u2019agit du point relatif au cumul des fonctions de pr\u00e9sident de la R\u00e9publique et de chef de parti. En effet, ce point a toujours \u00e9t\u00e9 au centre des d\u00e9saccords lors de tous les dialogues politiques initi\u00e9s par les r\u00e9gimes des Pr\u00e9sidents Abdoulaye Wade et Macky Sall de 2000 \u00e0 2023. En annon\u00e7ant, lors de son premier discours \u00e0 la Nation, en pr\u00e9lude \u00e0 la f\u00eate de l\u2019ind\u00e9pendance, le mercredi 3 avril 2024, sa d\u00e9mission de son poste de Secr\u00e9taire g\u00e9n\u00e9ral de Pastef pour \u00ab mieux se concentrer sur ses nouvelles fonctions de Pr\u00e9sident de la R\u00e9publique de tous les S\u00e9n\u00e9galais \u00bb, le chef de l\u2019\u00c9tat, \u00e0 travers cette d\u00e9cision historique, a tout simplement \u00f4t\u00e9 une grosse \u00e9pine du pied des acteurs politiques. Avec cette d\u00e9cision, l\u2019actuel chef de l\u2019Etat s\u2019est ainsi d\u00e9marqu\u00e9 de ses pr\u00e9d\u00e9cesseurs qui ont toujours refus\u00e9 de r\u00e9pondre favorablement \u00e0 la demande de l\u2019opposition et de la soci\u00e9t\u00e9 civile.<\/p>\n\n\n\n<p>Aujourd\u2019hui, les repr\u00e9sentants des trois p\u00f4les, majorit\u00e9, opposition et non-align\u00e9s qui seront engag\u00e9s aux c\u00f4t\u00e9s de la soci\u00e9t\u00e9 civile et de l\u2019administration dans le cadre du prochain dialogue politique, dont la c\u00e9r\u00e9monie d\u2019ouverture est fix\u00e9e par le chef de l\u2019\u00c9tat au 28 mai prochain, n\u2019auront plus qu\u2019\u00e0 concentrer leurs efforts sur les autres points de d\u00e9saccord, ainsi que sur ceux que le chef de l\u2019\u00c9tat pourrait, \u00e9ventuellement, inscrire \u00e0 l\u2019ordre du jour de ces concertations.<\/p>\n\n\n\n<p>Parmi ces points \u00e0 discuter, nous pouvons citer, la d\u00e9ch\u00e9ance \u00e9lectorale comme peine compl\u00e9mentaire, le r\u00f4le et la place de la justice dans le processus \u00e9lectoral, la modification de l\u2019article L.57 du Code \u00e9lectoral mais aussi le point relatif au bulletin unique. A c\u00f4t\u00e9 de ces points de d\u00e9saccords h\u00e9rit\u00e9s des diff\u00e9rentes concertations sur le processus politique de ces derni\u00e8res ann\u00e9es, il y a aussi les points \u00e9voqu\u00e9s par le chef de l\u2019Etat lors de son premier discours \u00e0 la nation prononc\u00e9 en 2024. Il s\u2019agit du \u00ab remplacement de la CENA par une commission \u00e9lectorale nationale ind\u00e9pendante, avec un renforcement de ses moyens de fonctionnement et des pr\u00e9rogatives&nbsp;\u00bb, de la \u00ab&nbsp;rationalisation du nombre de partis politiques ainsi que leur financement&nbsp;\u00bb, de \u00ab&nbsp;l\u2019inscription sur le fichier \u00e9lectoral concomitamment \u00e0 la d\u00e9livrance de la pi\u00e8ce nationale d\u2019identit\u00e9&nbsp;\u00bb.<\/p>\n\n\n\n<p><strong>NANDO CABRAL GOMIS<\/strong><br>SUQUOTIDIEN<\/p>\n","protected":false},"excerpt":{"rendered":"<p>Programm\u00e9 par le chef de l\u2019Etat, Bassirou Diomaye Diakhar Faye pour le 28 mai prochain, le dialogue politique sera marqu\u00e9<\/p>\n","protected":false},"author":1,"featured_media":54406,"comment_status":"open","ping_status":"open","sticky":false,"template":"","format":"standard","meta":{"footnotes":""},"categories":[6],"tags":[],"class_list":["post-54519","post","type-post","status-publish","format-standard","has-post-thumbnail","hentry","category-politics"],"_links":{"self":[{"href":"https:\/\/dekkbi.com\/index.php?rest_route=\/wp\/v2\/posts\/54519","targetHints":{"allow":["GET"]}}],"collection":[{"href":"https:\/\/dekkbi.com\/index.php?rest_route=\/wp\/v2\/posts"}],"about":[{"href":"https:\/\/dekkbi.com\/index.php?rest_route=\/wp\/v2\/types\/post"}],"author":[{"embeddable":true,"href":"https:\/\/dekkbi.com\/index.php?rest_route=\/wp\/v2\/users\/1"}],"replies":[{"embeddable":true,"href":"https:\/\/dekkbi.com\/index.php?rest_route=%2Fwp%2Fv2%2Fcomments&post=54519"}],"version-history":[{"count":1,"href":"https:\/\/dekkbi.com\/index.php?rest_route=\/wp\/v2\/posts\/54519\/revisions"}],"predecessor-version":[{"id":54520,"href":"https:\/\/dekkbi.com\/index.php?rest_route=\/wp\/v2\/posts\/54519\/revisions\/54520"}],"wp:featuredmedia":[{"embeddable":true,"href":"https:\/\/dekkbi.com\/index.php?rest_route=\/wp\/v2\/media\/54406"}],"wp:attachment":[{"href":"https:\/\/dekkbi.com\/index.php?rest_route=%2Fwp%2Fv2%2Fmedia&parent=54519"}],"wp:term":[{"taxonomy":"category","embeddable":true,"href":"https:\/\/dekkbi.com\/index.php?rest_route=%2Fwp%2Fv2%2Fcategories&post=54519"},{"taxonomy":"post_tag","embeddable":true,"href":"https:\/\/dekkbi.com\/index.php?rest_route=%2Fwp%2Fv2%2Ftags&post=54519"}],"curies":[{"name":"wp","href":"https:\/\/api.w.org\/{rel}","templated":true}]}}