{"id":5451,"date":"2022-12-28T15:37:01","date_gmt":"2022-12-28T15:37:01","guid":{"rendered":"https:\/\/dekkbi.com\/?p=5451"},"modified":"2022-12-28T15:49:22","modified_gmt":"2022-12-28T15:49:22","slug":"l1-lyon-veut-lancer-une-remontee-mbappe-deja-disponible","status":"publish","type":"post","link":"https:\/\/dekkbi.com\/?p=5451","title":{"rendered":"L1: Lyon veut lancer une remont\u00e9e"},"content":{"rendered":"\n<p><a href=\"https:\/\/www.addthis.com\/bookmark.php?v=300\"><\/a><a href=\"https:\/\/www.addthis.com\/bookmark.php?v=300\"><\/a><a rel=\"noreferrer noopener\" href=\"https:\/\/www.addthis.com\/bookmark.php?v=300\" target=\"_blank\"><\/a><a rel=\"noreferrer noopener\" href=\"https:\/\/www.addthis.com\/bookmark.php?v=300\" target=\"_blank\"><\/a>Apr\u00e8s un long entracte d\u00fb \u00e0 la tenue du Mondial, la Ligue 1 reprend mercredi avec les premiers matches de la 16e journ\u00e9e, coup d&rsquo;envoi de la seconde partie de la saison que Lyon, m\u00e9diocre jusqu&rsquo;\u00e0 pr\u00e9sent, aborde en revanchard, tout comme Kylian Mbapp\u00e9 apr\u00e8s la finale perdue au Qatar.<\/p>\n\n\n\n<p>. Le choc: Brest-Lyon, premi\u00e8re sous Textor<\/p>\n\n\n\n<p>Pour son premier match de Ligue 1 apr\u00e8s la prise de contr\u00f4le du multimillionnaire am\u00e9ricain John Textor, l&rsquo;OL jouera \u00e0 Brest mercredi (21h00) avec l&rsquo;envie de cr\u00e9er, enfin, une dynamique positive.<\/p>\n\n\n\n<p>Les six semaines de pause ont sans doute \u00e9t\u00e9 b\u00e9n\u00e9fiques aux Lyonnais, sur les plans physique mais aussi tactique, alors que leur nouvel entra\u00eeneur, Laurent Blanc, n&rsquo;est arriv\u00e9 qu&rsquo;au mois d&rsquo;octobre.<\/p>\n\n\n\n<p>\u00ab\u00a0On a corrig\u00e9 pas mal de choses\u00a0\u00bb, a gliss\u00e9 le milieu de terrain Maxence Caqueret en conf\u00e9rence de presse lundi. \u00ab\u00a0On se trouve mieux et on communique davantage. Avant, on \u00e9tait presque muets sur le terrain. On a eu l&rsquo;occasion de parler avec le staff, la direction, de ce qui allait et de ce qui n&rsquo;allait pas.\u00a0\u00bb<\/p>\n\n\n\n<p>Les matches amicaux disput\u00e9s par l&rsquo;OL dans la foul\u00e9e de ses deux stages en Espagne puis \u00e0 Duba\u00ef, conclus par une d\u00e9faite contre le promu italien Monza (2-1), n&rsquo;ont toutefois pas rassur\u00e9.<\/p>\n\n\n\n<p>L&rsquo;ancien s\u00e9lectionneur de l&rsquo;\u00e9quipe de France a d&rsquo;ailleurs exprim\u00e9 son souhait d'\u00a0\u00bbam\u00e9liorer l&rsquo;\u00e9quipe\u00a0\u00bb durant le march\u00e9 hivernal des transferts. \u00ab\u00a0C&rsquo;est fondamental pour le club, pour r\u00e9cup\u00e9rer une meilleure place que celle occup\u00e9e actuellement\u00a0\u00bb, a plaid\u00e9 Laurent Blanc.<\/p>\n\n\n\n<p>. Le joueur: Kylian Mbapp\u00e9 d\u00e9j\u00e0 de retour<\/p>\n\n\n\n<p>Kylian Mbapp\u00e9 fait tout vite. Supersonique sur le terrain, la vedette de l&rsquo;\u00e9quipe de France et du Paris Saint-Germain est d\u00e9j\u00e0 \u00ab\u00a0disponible\u00a0\u00bb pour la r\u00e9ception de Strasbourg mercredi (21h00), dix jours seulement apr\u00e8s la finale du Mondial perdue contre l&rsquo;Argentine (3-3, 4 t.a.b. \u00e0 2).<\/p>\n\n\n\n<p>\u00ab\u00a0Apr\u00e8s avoir \u00e9chang\u00e9 avec lui, Kylian a souhait\u00e9 nous rejoindre assez rapidement\u00a0\u00bb, a d\u00e9clar\u00e9 son entra\u00eeneur Christophe Galtier en conf\u00e9rence de presse d&rsquo;avant-match mardi. \u00ab\u00a0\u00c7a ne veut pas dire qu&rsquo;il n&rsquo;y aura pas un moment o\u00f9 (Mbapp\u00e9 va) devoir r\u00e9cup\u00e9rer, pas forc\u00e9ment sur le plan physique mais sur le plan mental.\u00a0\u00bb<\/p>\n\n\n\n<p>Ce retour anticip\u00e9 sur les terrains, alors qu&rsquo;il aurait pu b\u00e9n\u00e9ficier, comme d&rsquo;autres mondialistes, d&rsquo;une dizaines de jours de repos, est sans doute d\u00fb \u00e0 une volont\u00e9 d&rsquo;\u00e9loigner le souvenir douloureux de la finale du tournoi plan\u00e9taire, lors de laquelle il a inscrit, en vain, un tripl\u00e9.<\/p>\n\n\n\n<p>\u00ab\u00a0Il n&rsquo;y a pas meilleur rem\u00e8de que de revenir dans son club, il y a une tr\u00e8s bonne ambiance\u00a0\u00bb, a d&rsquo;ailleurs gliss\u00e9 Galtier. \u00ab\u00a0Le meilleur rem\u00e8de \u00e9tait que (les mondialistes) reviennent rapidement travailler avec leurs copains. Tout le monde est tr\u00e8s disponible sur un plan mental et prend beaucoup de plaisir \u00e0 travailler ensemble.\u00a0\u00bb<\/p>\n\n\n\n<p>Quoi de mieux, pour oublier le Qatar, que de continuer \u00e0 marquer ? Meilleur buteur du Mondial (huit), le Bondynois est aussi le meilleur r\u00e9alisateur de la Ligue 1 pour l&rsquo;instant (12 buts).<\/p>\n\n\n\n<p>. Le chiffre: 45 jours<\/p>\n\n\n\n<p>Jamais la mi-saison n&rsquo;avait \u00e9t\u00e9 aussi longue: 45 jours s\u00e9parent la 15e journ\u00e9e de la 16e. Cette curiosit\u00e9 s&rsquo;explique par la volont\u00e9 des organisateurs du Mondial-2022 d&rsquo;\u00e9viter les temp\u00e9ratures estivales suffocantes du Qatar.<\/p>\n\n\n\n<p>C&rsquo;est donc du 20 novembre au 18 d\u00e9cembre que la comp\u00e9tition s&rsquo;est d\u00e9roul\u00e9e, offrant, c\u00f4t\u00e9 pile, deux semaines de vacances aux joueurs et du r\u00e9pit pour soulager leur physique, mais c\u00f4t\u00e9 face, une deuxi\u00e8me partie de saison tr\u00e8s dense.<\/p>\n\n\n\n<p>Certains entra\u00eeneurs craignent d&rsquo;ailleurs que l&rsquo;accumulation des matches \u00e0 cette p\u00e9riode de l&rsquo;ann\u00e9e soit source de blessures.<\/p>\n\n\n\n<p>\u00ab\u00a0Avec cet encha\u00eenement de matches, on ne sait pas comment les organismes des joueurs vont r\u00e9agir\u00a0\u00bb, explique le coach d&rsquo;Auxerre, Christophe P\u00e9lissier. \u00ab\u00a0En multipliant les matches, on ne les met pas dans les meilleures conditions, avec des risques de blessure par temps froid et sur des terrain plus difficiles. On va d\u00e9couvrir, m\u00eame si on a essay\u00e9 de pr\u00e9parer \u00e7a de fa\u00e7on coh\u00e9rente depuis trois semaines.\u00a0\u00bb<\/p>\n\n\n\n<p>Par Remi BOUVERESSE<\/p>\n\n\n\n<p><a href=\"https:\/\/information.tv5monde.com\/auteur\/afp\">AF<\/a><\/p>\n","protected":false},"excerpt":{"rendered":"<p>Apr\u00e8s un long entracte d\u00fb \u00e0 la tenue du Mondial, la Ligue 1 reprend mercredi avec les premiers matches de<\/p>\n","protected":false},"author":1,"featured_media":2621,"comment_status":"open","ping_status":"open","sticky":false,"template":"","format":"standard","meta":{"footnotes":""},"categories":[9],"tags":[],"class_list":["post-5451","post","type-post","status-publish","format-standard","has-post-thumbnail","hentry","category-sports"],"_links":{"self":[{"href":"https:\/\/dekkbi.com\/index.php?rest_route=\/wp\/v2\/posts\/5451","targetHints":{"allow":["GET"]}}],"collection":[{"href":"https:\/\/dekkbi.com\/index.php?rest_route=\/wp\/v2\/posts"}],"about":[{"href":"https:\/\/dekkbi.com\/index.php?rest_route=\/wp\/v2\/types\/post"}],"author":[{"embeddable":true,"href":"https:\/\/dekkbi.com\/index.php?rest_route=\/wp\/v2\/users\/1"}],"replies":[{"embeddable":true,"href":"https:\/\/dekkbi.com\/index.php?rest_route=%2Fwp%2Fv2%2Fcomments&post=5451"}],"version-history":[{"count":2,"href":"https:\/\/dekkbi.com\/index.php?rest_route=\/wp\/v2\/posts\/5451\/revisions"}],"predecessor-version":[{"id":5453,"href":"https:\/\/dekkbi.com\/index.php?rest_route=\/wp\/v2\/posts\/5451\/revisions\/5453"}],"wp:featuredmedia":[{"embeddable":true,"href":"https:\/\/dekkbi.com\/index.php?rest_route=\/wp\/v2\/media\/2621"}],"wp:attachment":[{"href":"https:\/\/dekkbi.com\/index.php?rest_route=%2Fwp%2Fv2%2Fmedia&parent=5451"}],"wp:term":[{"taxonomy":"category","embeddable":true,"href":"https:\/\/dekkbi.com\/index.php?rest_route=%2Fwp%2Fv2%2Fcategories&post=5451"},{"taxonomy":"post_tag","embeddable":true,"href":"https:\/\/dekkbi.com\/index.php?rest_route=%2Fwp%2Fv2%2Ftags&post=5451"}],"curies":[{"name":"wp","href":"https:\/\/api.w.org\/{rel}","templated":true}]}}