{"id":54502,"date":"2025-04-08T09:19:19","date_gmt":"2025-04-08T09:19:19","guid":{"rendered":"https:\/\/dekkbi.com\/?p=54502"},"modified":"2025-04-08T09:19:19","modified_gmt":"2025-04-08T09:19:19","slug":"new-deal-technologique-la-societe-civile-engagee-aux-cotes-de-letat-pour-la-sensibilisation","status":"publish","type":"post","link":"https:\/\/dekkbi.com\/?p=54502","title":{"rendered":"New deal technologique : la soci\u00e9t\u00e9 civile engag\u00e9e aux c\u00f4t\u00e9s de l\u2019Etat pour la sensibilisation"},"content":{"rendered":"\n<p>Saly,  (APS) \u2013 Des acteurs de la soci\u00e9t\u00e9 civile, membres notamment du Forum civil, se sont engag\u00e9s, lundi \u00e0 Saly (Ouest), \u00e0 accompagner le gouvernement dans la formulation, le contenu et la mise en \u0153uvre de son projet, le New deal technologique, \u00e0 travers des actions de sensibilisation.<\/p>\n\n\n\n<p>\u201dNous avons constat\u00e9 qu\u2019il y a un besoin de renforcer la culture num\u00e9rique mais \u00e9galement de porter le plaidoyer de la s\u00e9curit\u00e9 num\u00e9rique surtout aupr\u00e8s des enfants\u201d, a dit Birahim Seck, coordinateur g\u00e9n\u00e9ral du Forum civil, lors d\u2019un atelier d\u2019\u00e9changes sur la formulation, le contenu et la mise en \u0153uvre de la strat\u00e9gie gouvernementale du \u201dNew deal technologique\u201d.<\/p>\n\n\n\n<p>Ces acteurs de la soci\u00e9t\u00e9 civile vont essayer \u201dde produire une feuille de route, pour une meilleure diss\u00e9mination de la strat\u00e9gie num\u00e9rique au niveau territorial\u201d, a-t-il ajout\u00e9.<\/p>\n\n\n\n<p>\u201dLe Forum civil va nous accompagner dans la sensibilisation (pour) que le citoyen s\u2019approprie la strat\u00e9gie et joue (convenablement) son r\u00f4le\u201d, a pr\u00e9cis\u00e9 Aissatou Jeanne Ndiaye, directrice des Technologies de l\u2019information et de la communication au minist\u00e8re des T\u00e9l\u00e9communications, de la Communication et du Num\u00e9rique.<\/p>\n\n\n\n<p>Selon Birahim Seck, la sensibilisation commencera d\u2019abord par une \u00e9tude visant \u00e0 \u00e9valuer la qualit\u00e9 de la connectivit\u00e9 au S\u00e9n\u00e9gal, mais \u00e9galement \u00e0 travailler \u00e0 un plan d\u2019am\u00e9nagement num\u00e9rique du territoire.<\/p>\n\n\n\n<p>Cette rencontre s\u2019inscrit dans le cadre du projet \u201dRecentrer le civisme num\u00e9rique gr\u00e2ce \u00e0 l\u2019engagement des partenaires\u201d (ReCIPE), financ\u00e9 par l\u2019Union europ\u00e9enne, dans 10 pays du monde, via Oxfam Irlande.<\/p>\n\n\n\n<p>\u201dIl s\u2019agira d\u2019\u00e9changer avec le minist\u00e8re et les experts s\u00e9n\u00e9galais dans les diff\u00e9rents domaines du projet, pour mieux accompagner l\u2019\u00c9tat du S\u00e9n\u00e9gal\u201d, a expliqu\u00e9 Birahim Seck.<\/p>\n\n\n\n<p>DOB\/ADI\/OID<\/p>\n","protected":false},"excerpt":{"rendered":"<p>Saly, (APS) \u2013 Des acteurs de la soci\u00e9t\u00e9 civile, membres notamment du Forum civil, se sont engag\u00e9s, lundi \u00e0 Saly<\/p>\n","protected":false},"author":1,"featured_media":54503,"comment_status":"open","ping_status":"open","sticky":false,"template":"","format":"standard","meta":{"footnotes":""},"categories":[3],"tags":[],"class_list":["post-54502","post","type-post","status-publish","format-standard","has-post-thumbnail","hentry","category-event-more-news"],"_links":{"self":[{"href":"https:\/\/dekkbi.com\/index.php?rest_route=\/wp\/v2\/posts\/54502","targetHints":{"allow":["GET"]}}],"collection":[{"href":"https:\/\/dekkbi.com\/index.php?rest_route=\/wp\/v2\/posts"}],"about":[{"href":"https:\/\/dekkbi.com\/index.php?rest_route=\/wp\/v2\/types\/post"}],"author":[{"embeddable":true,"href":"https:\/\/dekkbi.com\/index.php?rest_route=\/wp\/v2\/users\/1"}],"replies":[{"embeddable":true,"href":"https:\/\/dekkbi.com\/index.php?rest_route=%2Fwp%2Fv2%2Fcomments&post=54502"}],"version-history":[{"count":1,"href":"https:\/\/dekkbi.com\/index.php?rest_route=\/wp\/v2\/posts\/54502\/revisions"}],"predecessor-version":[{"id":54504,"href":"https:\/\/dekkbi.com\/index.php?rest_route=\/wp\/v2\/posts\/54502\/revisions\/54504"}],"wp:featuredmedia":[{"embeddable":true,"href":"https:\/\/dekkbi.com\/index.php?rest_route=\/wp\/v2\/media\/54503"}],"wp:attachment":[{"href":"https:\/\/dekkbi.com\/index.php?rest_route=%2Fwp%2Fv2%2Fmedia&parent=54502"}],"wp:term":[{"taxonomy":"category","embeddable":true,"href":"https:\/\/dekkbi.com\/index.php?rest_route=%2Fwp%2Fv2%2Fcategories&post=54502"},{"taxonomy":"post_tag","embeddable":true,"href":"https:\/\/dekkbi.com\/index.php?rest_route=%2Fwp%2Fv2%2Ftags&post=54502"}],"curies":[{"name":"wp","href":"https:\/\/api.w.org\/{rel}","templated":true}]}}