{"id":54494,"date":"2025-04-08T09:13:06","date_gmt":"2025-04-08T09:13:06","guid":{"rendered":"https:\/\/dekkbi.com\/?p=54494"},"modified":"2025-04-08T09:13:06","modified_gmt":"2025-04-08T09:13:06","slug":"sante-maternelle-neonatale-et-infantile-le-senegal-se-felicite-des-progres-realises","status":"publish","type":"post","link":"https:\/\/dekkbi.com\/?p=54494","title":{"rendered":"Sant\u00e9 maternelle, n\u00e9onatale et infantile: Le S\u00e9n\u00e9gal se f\u00e9licite des progr\u00e8s r\u00e9alis\u00e9s"},"content":{"rendered":"\n<p><strong>Lors de la Journ\u00e9e mondiale de la sant\u00e9, c\u00e9l\u00e9br\u00e9e hier, le minist\u00e8re de la Sant\u00e9 et de l\u2019Action sociale, \u00e0 travers la Direction de la sant\u00e9 de la m\u00e8re et de l\u2019enfant (Dsme), a publi\u00e9 ses r\u00e9sultats dans la lutte contre la mortalit\u00e9 maternelle, n\u00e9onatale et infantile.&nbsp; &nbsp;<\/strong><\/p>\n\n\n\n<p>L\u2019Organisation mondiale de la sant\u00e9 (Oms) a c\u00e9l\u00e9br\u00e9, hier, 7 avril, la Journ\u00e9e mondiale de la sant\u00e9. Ax\u00e9 sur le th\u00e8me : \u00ab Une bonne sant\u00e9 \u00e0 la naissance pour un avenir plein d\u2019espoir \u00bb, elle a servi de pr\u00e9texte au S\u00e9n\u00e9gal pour faire la situation sur la sant\u00e9 reproductive, maternelle, n\u00e9onatale et infantile. Dans une d\u00e9claration de presse, la Direction de la sant\u00e9 de la m\u00e8re et de l\u2019enfant (Dsme) estime que le pays a atteint un tournant d\u00e9cisif. \u00ab La situation de la morbidit\u00e9 et de la mortalit\u00e9 maternelles, n\u00e9onatales, infantiles et de l\u2019adolescent demeure une pr\u00e9occupation de premier ordre pour le S\u00e9n\u00e9gal \u00bb, a inform\u00e9 ce d\u00e9membrement du minist\u00e8re de la Sant\u00e9 et de l\u2019Action sociale.<\/p>\n\n\n\n<p>Selon la m\u00eame source, ces derni\u00e8res ann\u00e9es, le S\u00e9n\u00e9gal a r\u00e9alis\u00e9 des \u00ab progr\u00e8s importants \u00bb, lesquels se traduisent par un ratio de mortalit\u00e9 maternelle qui est pass\u00e9 de 396 \u00e0 153 d\u00e9c\u00e8s pour 100.000 naissances vivantes entre 2010 et 2023. De plus, il est mentionn\u00e9 que la mortalit\u00e9 n\u00e9onatale est pass\u00e9e de 38 \u00e0 23 d\u00e9c\u00e8s pour 1.000 naissances vivantes entre 1997 et 2023. \u00ab Pour la m\u00eame p\u00e9riode, la mortalit\u00e9 infanto-juv\u00e9nile a enregistr\u00e9 une chute tr\u00e8s importante en passant de 139 \u2030 \u00e0 40 \u2030 \u00bb, souligne-t-on dans le document. Ainsi, la Dsme retient des \u00ab actes forts \u00bb qui ont contribu\u00e9 \u00e0 l\u2019atteinte de ces r\u00e9sultats suscit\u00e9s.<\/p>\n\n\n\n<p>Il s\u2019agit de la d\u00e9centralisation de la formation des agents de sant\u00e9 dans les r\u00e9gions. Elle cite aussi l\u2019am\u00e9lioration de la disponibilit\u00e9 des ressources humaines d\u00e9di\u00e9es \u00e0 la prise en charge de la sant\u00e9 du couple m\u00e8re-enfant par le recrutement dans la Fonction publique et la contractualisation de plus de 2.000 sages-femmes d\u2019\u00c9tat, infirmiers et m\u00e9decins. Le S\u00e9n\u00e9gal se f\u00e9licite aussi de l\u2019am\u00e9lioration de la disponibilit\u00e9 des produits et intrants d\u2019importance vitale pour la sant\u00e9 de la m\u00e8re et de l\u2019enfant jusqu\u2019au dernier kilom\u00e8tre. Il y a, dans le m\u00eame ordre d\u2019id\u00e9es, le renforcement de la couverture sanitaire universelle avec la gratuit\u00e9 de la c\u00e9sarienne et des soins chez les enfants de moins de cinq ans.<\/p>\n\n\n\n<p><strong>Babacar Gu\u00e8ye DIOP<\/strong><br>LESOLEIL<\/p>\n","protected":false},"excerpt":{"rendered":"<p>Lors de la Journ\u00e9e mondiale de la sant\u00e9, c\u00e9l\u00e9br\u00e9e hier, le minist\u00e8re de la Sant\u00e9 et de l\u2019Action sociale, \u00e0<\/p>\n","protected":false},"author":1,"featured_media":14287,"comment_status":"open","ping_status":"open","sticky":false,"template":"","format":"standard","meta":{"footnotes":""},"categories":[21],"tags":[],"class_list":["post-54494","post","type-post","status-publish","format-standard","has-post-thumbnail","hentry","category-societe"],"_links":{"self":[{"href":"https:\/\/dekkbi.com\/index.php?rest_route=\/wp\/v2\/posts\/54494","targetHints":{"allow":["GET"]}}],"collection":[{"href":"https:\/\/dekkbi.com\/index.php?rest_route=\/wp\/v2\/posts"}],"about":[{"href":"https:\/\/dekkbi.com\/index.php?rest_route=\/wp\/v2\/types\/post"}],"author":[{"embeddable":true,"href":"https:\/\/dekkbi.com\/index.php?rest_route=\/wp\/v2\/users\/1"}],"replies":[{"embeddable":true,"href":"https:\/\/dekkbi.com\/index.php?rest_route=%2Fwp%2Fv2%2Fcomments&post=54494"}],"version-history":[{"count":1,"href":"https:\/\/dekkbi.com\/index.php?rest_route=\/wp\/v2\/posts\/54494\/revisions"}],"predecessor-version":[{"id":54495,"href":"https:\/\/dekkbi.com\/index.php?rest_route=\/wp\/v2\/posts\/54494\/revisions\/54495"}],"wp:featuredmedia":[{"embeddable":true,"href":"https:\/\/dekkbi.com\/index.php?rest_route=\/wp\/v2\/media\/14287"}],"wp:attachment":[{"href":"https:\/\/dekkbi.com\/index.php?rest_route=%2Fwp%2Fv2%2Fmedia&parent=54494"}],"wp:term":[{"taxonomy":"category","embeddable":true,"href":"https:\/\/dekkbi.com\/index.php?rest_route=%2Fwp%2Fv2%2Fcategories&post=54494"},{"taxonomy":"post_tag","embeddable":true,"href":"https:\/\/dekkbi.com\/index.php?rest_route=%2Fwp%2Fv2%2Ftags&post=54494"}],"curies":[{"name":"wp","href":"https:\/\/api.w.org\/{rel}","templated":true}]}}