{"id":54482,"date":"2025-04-07T11:30:52","date_gmt":"2025-04-07T11:30:52","guid":{"rendered":"https:\/\/dekkbi.com\/?p=54482"},"modified":"2025-04-07T11:30:52","modified_gmt":"2025-04-07T11:30:52","slug":"foot-mbappe-veut-marquer-lepoque-au-real-madrid","status":"publish","type":"post","link":"https:\/\/dekkbi.com\/?p=54482","title":{"rendered":"Foot: Mbapp\u00e9 veut \u00ab\u00a0marquer l&rsquo;\u00e9poque\u00a0\u00bb au Real Madrid"},"content":{"rendered":"\n<p>Kylian Mbapp\u00e9 veut \u00ab\u00a0marquer l&rsquo;\u00e9poque\u00a0\u00bb au Real Madrid et remporter la Ligue des champions, qu&rsquo;il privil\u00e9gie au Ballon d&rsquo;Or, a-t-il confi\u00e9 dans un entretien \u00e0 la cha\u00eene espagnole La Sexta diffus\u00e9 dimanche.<\/p>\n\n\n\n<p>Le capitaine de l&rsquo;\u00e9quipe de France a donn\u00e9 son premier vrai entretien en langue espagnole depuis son arriv\u00e9e au Real Madrid l&rsquo;\u00e9t\u00e9 dernier.<\/p>\n\n\n\n<p>\u00ab\u00a0Je veux marquer l&rsquo;\u00e9poque, (&#8230;) je n&rsquo;ai rien d&rsquo;autre en t\u00eate que Madrid\u00a0\u00bb, a-t-il d\u00e9clar\u00e9.<\/p>\n\n\n\n<p>\u00ab\u00a0\u00c7a n&rsquo;a pas \u00e9t\u00e9 difficile de choisir entre le Real et l&rsquo;argent\u00a0\u00bb, a ajout\u00e9 Kylian Mbapp\u00e9, interrog\u00e9 sur la baisse de salaire consentie par rapport \u00e0 celui qu&rsquo;il avait au Paris SG.<\/p>\n\n\n\n<p>\u00ab\u00a0La Ligue des champions est plus importante\u00a0\u00bb que le Ballon d&rsquo;or \u00ab\u00a0qui est une r\u00e9compense individuelle\u00a0\u00bb, a-t-il assur\u00e9.<\/p>\n\n\n\n<p>Kylian Mbapp\u00e9 a aussi demand\u00e9 \u00e0 ce que Vinicius Jr., que les rumeurs envoient parfois en Arabie saoudite, reste au Real Madrid: \u00ab\u00a0Je suis venu avec l&rsquo;id\u00e9e de jouer avec Vini. Je ne peux pas imaginer le Real Madrid sans Vini\u00a0\u00bb.<\/p>\n\n\n\n<p>Le Real Madrid a perdu samedi contre Valence (2-1) au stade Bernabeu et vu le FC Barcelone prendre quatre points d&rsquo;avance en t\u00eate de la Liga, \u00e0 huit journ\u00e9es de la fin.<\/p>\n\n\n\n<p>SOURCE DAKARACTU<\/p>\n","protected":false},"excerpt":{"rendered":"<p>Kylian Mbapp\u00e9 veut \u00ab\u00a0marquer l&rsquo;\u00e9poque\u00a0\u00bb au Real Madrid et remporter la Ligue des champions, qu&rsquo;il privil\u00e9gie au Ballon d&rsquo;Or, a-t-il<\/p>\n","protected":false},"author":1,"featured_media":38582,"comment_status":"open","ping_status":"open","sticky":false,"template":"","format":"standard","meta":{"footnotes":""},"categories":[9],"tags":[],"class_list":["post-54482","post","type-post","status-publish","format-standard","has-post-thumbnail","hentry","category-sports"],"_links":{"self":[{"href":"https:\/\/dekkbi.com\/index.php?rest_route=\/wp\/v2\/posts\/54482","targetHints":{"allow":["GET"]}}],"collection":[{"href":"https:\/\/dekkbi.com\/index.php?rest_route=\/wp\/v2\/posts"}],"about":[{"href":"https:\/\/dekkbi.com\/index.php?rest_route=\/wp\/v2\/types\/post"}],"author":[{"embeddable":true,"href":"https:\/\/dekkbi.com\/index.php?rest_route=\/wp\/v2\/users\/1"}],"replies":[{"embeddable":true,"href":"https:\/\/dekkbi.com\/index.php?rest_route=%2Fwp%2Fv2%2Fcomments&post=54482"}],"version-history":[{"count":1,"href":"https:\/\/dekkbi.com\/index.php?rest_route=\/wp\/v2\/posts\/54482\/revisions"}],"predecessor-version":[{"id":54483,"href":"https:\/\/dekkbi.com\/index.php?rest_route=\/wp\/v2\/posts\/54482\/revisions\/54483"}],"wp:featuredmedia":[{"embeddable":true,"href":"https:\/\/dekkbi.com\/index.php?rest_route=\/wp\/v2\/media\/38582"}],"wp:attachment":[{"href":"https:\/\/dekkbi.com\/index.php?rest_route=%2Fwp%2Fv2%2Fmedia&parent=54482"}],"wp:term":[{"taxonomy":"category","embeddable":true,"href":"https:\/\/dekkbi.com\/index.php?rest_route=%2Fwp%2Fv2%2Fcategories&post=54482"},{"taxonomy":"post_tag","embeddable":true,"href":"https:\/\/dekkbi.com\/index.php?rest_route=%2Fwp%2Fv2%2Ftags&post=54482"}],"curies":[{"name":"wp","href":"https:\/\/api.w.org\/{rel}","templated":true}]}}