{"id":54450,"date":"2025-04-07T10:14:01","date_gmt":"2025-04-07T10:14:01","guid":{"rendered":"https:\/\/dekkbi.com\/?p=54450"},"modified":"2025-04-07T10:14:01","modified_gmt":"2025-04-07T10:14:01","slug":"destruction-dun-drone-malien-laes-rappelle-ses-ambassadeurs-accredites-en-algerie-pour-consultations","status":"publish","type":"post","link":"https:\/\/dekkbi.com\/?p=54450","title":{"rendered":"Destruction d\u2019un drone malien : l\u2019AES rappelle ses ambassadeurs accr\u00e9dit\u00e9s en Alg\u00e9rie pour consultations"},"content":{"rendered":"\n<p>Dans un communiqu\u00e9 rendu public, le Coll\u00e8ge des chefs d\u2019\u00c9tat de la Conf\u00e9d\u00e9ration des \u00c9tats du Sahel (AES) a d\u00e9plor\u00e9 \u00ab la destruction d\u2019un drone des forces arm\u00e9es et de s\u00e9curit\u00e9 maliennes, suite \u00e0 un acte d\u2019hostilit\u00e9 du r\u00e9gime alg\u00e9rien dans la nuit du 31 mars au 1er avril 2025, pr\u00e8s de Tin-Zaouat\u00e8ne, dans la r\u00e9gion de Kidal \u00bb.&nbsp;&nbsp;<\/p>\n\n\n\n<p>Le Coll\u00e8ge estime qu\u2019il s\u2019agit \u00ab d\u2019une agression visant tous les \u00c9tats membres de l\u2019AES, ainsi que d\u2019une man\u0153uvre perfide visant \u00e0 promouvoir le terrorisme et \u00e0 d\u00e9stabiliser la r\u00e9gion \u00bb.&nbsp;&nbsp;<\/p>\n\n\n\n<p>Selon lui, la destruction du drone aurait \u00ab emp\u00each\u00e9 la neutralisation d\u2019un groupe terroriste qui pr\u00e9parait des attaques contre l\u2019AES \u00bb. Le Coll\u00e8ge a \u00ab condamn\u00e9 avec la plus grande fermet\u00e9 cet acte irresponsable du r\u00e9gime alg\u00e9rien, en violation du droit international \u00bb, et annonc\u00e9 le rappel pour consultations des ambassadeurs des \u00c9tats membres accr\u00e9dit\u00e9s en Alg\u00e9rie.&nbsp;&nbsp;<\/p>\n\n\n\n<p>Enfin, les chefs d\u2019\u00c9tat de l\u2019AES ont tenu \u00e0 rassurer leurs populations, affirmant que \u00ab les forces de d\u00e9fense et de s\u00e9curit\u00e9 restent pleinement mobilis\u00e9es pour garantir leur s\u00e9curit\u00e9 et d\u00e9fendre l\u2019int\u00e9grit\u00e9 de l\u2019espace conf\u00e9d\u00e9ral \u00bb.<\/p>\n\n\n\n<figure class=\"wp-block-image\"><a href=\"javascript:void(0)\"><img decoding=\"async\" src=\"https:\/\/www.dakaractu.com\/photo\/art\/default\/87724962-62188892.jpg?v=1743978180\" alt=\"Destruction d\u2019un drone malien : l\u2019AES rappelle ses ambassadeurs accr\u00e9dit\u00e9s en Alg\u00e9rie pour consultations\" title=\"Destruction d\u2019un drone malien : l\u2019AES rappelle ses ambassadeurs accr\u00e9dit\u00e9s en Alg\u00e9rie pour consultations\"\/><\/a><\/figure>\n\n\n\n<figure class=\"wp-block-image\"><a href=\"javascript:void(0)\"><img decoding=\"async\" src=\"https:\/\/www.dakaractu.com\/photo\/art\/default\/87724962-62188893.jpg?v=1743978192\" alt=\"Destruction d\u2019un drone malien : l\u2019AES rappelle ses ambassadeurs accr\u00e9dit\u00e9s en Alg\u00e9rie pour consultations\" title=\"Destruction d\u2019un drone malien : l\u2019AES rappelle ses ambassadeurs accr\u00e9dit\u00e9s en Alg\u00e9rie pour consultations\"\/><\/a><\/figure>\n","protected":false},"excerpt":{"rendered":"<p>Dans un communiqu\u00e9 rendu public, le Coll\u00e8ge des chefs d\u2019\u00c9tat de la Conf\u00e9d\u00e9ration des \u00c9tats du Sahel (AES) a d\u00e9plor\u00e9<\/p>\n","protected":false},"author":1,"featured_media":54451,"comment_status":"open","ping_status":"open","sticky":false,"template":"","format":"standard","meta":{"footnotes":""},"categories":[51],"tags":[],"class_list":["post-54450","post","type-post","status-publish","format-standard","has-post-thumbnail","hentry","category-general"],"_links":{"self":[{"href":"https:\/\/dekkbi.com\/index.php?rest_route=\/wp\/v2\/posts\/54450","targetHints":{"allow":["GET"]}}],"collection":[{"href":"https:\/\/dekkbi.com\/index.php?rest_route=\/wp\/v2\/posts"}],"about":[{"href":"https:\/\/dekkbi.com\/index.php?rest_route=\/wp\/v2\/types\/post"}],"author":[{"embeddable":true,"href":"https:\/\/dekkbi.com\/index.php?rest_route=\/wp\/v2\/users\/1"}],"replies":[{"embeddable":true,"href":"https:\/\/dekkbi.com\/index.php?rest_route=%2Fwp%2Fv2%2Fcomments&post=54450"}],"version-history":[{"count":1,"href":"https:\/\/dekkbi.com\/index.php?rest_route=\/wp\/v2\/posts\/54450\/revisions"}],"predecessor-version":[{"id":54452,"href":"https:\/\/dekkbi.com\/index.php?rest_route=\/wp\/v2\/posts\/54450\/revisions\/54452"}],"wp:featuredmedia":[{"embeddable":true,"href":"https:\/\/dekkbi.com\/index.php?rest_route=\/wp\/v2\/media\/54451"}],"wp:attachment":[{"href":"https:\/\/dekkbi.com\/index.php?rest_route=%2Fwp%2Fv2%2Fmedia&parent=54450"}],"wp:term":[{"taxonomy":"category","embeddable":true,"href":"https:\/\/dekkbi.com\/index.php?rest_route=%2Fwp%2Fv2%2Fcategories&post=54450"},{"taxonomy":"post_tag","embeddable":true,"href":"https:\/\/dekkbi.com\/index.php?rest_route=%2Fwp%2Fv2%2Ftags&post=54450"}],"curies":[{"name":"wp","href":"https:\/\/api.w.org\/{rel}","templated":true}]}}