{"id":54446,"date":"2025-04-07T10:08:49","date_gmt":"2025-04-07T10:08:49","guid":{"rendered":"https:\/\/dekkbi.com\/?p=54446"},"modified":"2025-04-07T10:08:49","modified_gmt":"2025-04-07T10:08:49","slug":"marie-khone-faye-sengage-a-soutenir-leducation-a-lenvironnement","status":"publish","type":"post","link":"https:\/\/dekkbi.com\/?p=54446","title":{"rendered":"Marie Khone Faye s\u2019engage \u00e0 soutenir l\u2019\u00e9ducation \u00e0 l\u2019environnement"},"content":{"rendered":"\n<p>Warang (Mbour),  (APS) \u2013 L\u2019\u00e9pouse du pr\u00e9sident Bassirou Diomaye Faye, Marie Khone Faye, s\u2019est engag\u00e9e, dimanche \u00e0 Warang, un village de la commune de Malicounda (Mbour, ouest), \u00e0 soutenir l\u2019\u00e9ducation \u00e0 la protection de l\u2019environnement afin d\u2019atteindre l\u2019objectif S\u00e9n\u00e9gal du z\u00e9ro d\u00e9chet au S\u00e9n\u00e9gal.<\/p>\n\n\n\n<p>\u2018\u2019J\u2019appelle tout le monde \u00e0 participer au ramassage des d\u00e9chets, pour la protection de notre environnement. Je serai toujours \u00e0 vos c\u00f4t\u00e9s pour soutenir l\u2019\u00e9ducation pour la protection de l\u2019environnement\u2019\u2019, a-t-elle dit, lors d\u2019une c\u00e9r\u00e9monie dans le sillage de la Journ\u00e9e internationale du z\u00e9ro d\u00e9chet, c\u00e9l\u00e9br\u00e9e le 30 mars de chaque ann\u00e9e.<\/p>\n\n\n\n<p>Croyant \u2018\u2019profond\u00e9ment que \u2018\u2019l\u2019\u00e9ducation est la cl\u00e9 de vo\u00fbte de tous les changements\u2019\u2019, elle a appel\u00e9 \u00e0 une implication collective pour la pr\u00e9servation de l\u2019environnement, en adoptant notamment les bonnes pratiques en la mati\u00e8re.<\/p>\n\n\n\n<p>\u2018\u2019Il faut avoir le r\u00e9flexe de chercher une poubelle, mais il faut aussi en installer partout dans les villes et dans les campagnes, afin de faciliter aux populations ce r\u00e9flexe civique\u2019\u2019, a soutenu Marie Khone Faye.<\/p>\n\n\n\n<p>Arriv\u00e9e vers 10 heures 25 minutes \u00e0 l\u2019\u00e9cole \u00e9l\u00e9mentaire Samba Gaye de Warang, qui a accueilli l\u2019\u00e9v\u00e9nement, elle a pass\u00e9 quelques coups de balai symboliques, avant de planter un jeune baobab dans la cour de l\u2019\u00e9tablissement.<\/p>\n\n\n\n<p>\u2018\u2019Cette journ\u00e9e internationale z\u00e9ro d\u00e9chet s\u2019inscrit en parfaite synergie avec l\u2019initiative pr\u00e9sidentielle +Setal Sunu Reew+\u2019\u2019, consistant \u00e0 organiser des activit\u00e9s de nettoiement mensuel sur tout le territoire national, a soulign\u00e9 l\u2019\u00e9pouse du chef de l\u2019Etat.<\/p>\n\n\n\n<p>Cette ann\u00e9e, la Journ\u00e9e internationale du z\u00e9ro est plac\u00e9e sous le th\u00e8me : \u2018\u2019Vers le z\u00e9ro d\u00e9chet dans la mode et le textile\u2019\u2019.<\/p>\n\n\n\n<p>La c\u00e9l\u00e9bration \u00e0 Warang a \u00e9t\u00e9 organis\u00e9e par l\u2019ambassade de Turquie au S\u00e9n\u00e9gal, en collaboration avec les Nations unies, ONU Habitat, Enda \u00c9nergie, la Sonaged et la Fondation z\u00e9ro d\u00e9chet de Turquie.<\/p>\n\n\n\n<p>\u2018\u2019Cette journ\u00e9e internationale met en avant la r\u00e9duction, le recyclage et la valorisation des d\u00e9chets, dans une approche circulaire de l\u2019\u00e9conomie\u2019\u2019, a ainsi d\u00e9clar\u00e9 Mme Nur Sa\u011fman, ambassadrice de Turquie au S\u00e9n\u00e9gal, saluant la pr\u00e9sence de la premi\u00e8re dame Marie Khone Faye \u00e0 la c\u00e9r\u00e9monie.<\/p>\n\n\n\n<p>Selon elle, \u00e0 travers \u2018\u2019des activit\u00e9s concr\u00e8tes, des campagnes de sensibilisation, des initiatives locales, cette journ\u00e9e encourage les gouvernants, les entreprises et les citoyens \u00e0 adopter des comportements plus responsables pour lutter contre la pollution et prot\u00e9ger les \u00e9cosyst\u00e8mes\u2019\u2019.<\/p>\n\n\n\n<p>Lors de cette c\u00e9r\u00e9monie, le \u2018\u2019Prix de la premi\u00e8re \u00e9cole z\u00e9ro d\u00e9chet de la premi\u00e8re dame\u2019\u2019 \u00e0 \u00e9t\u00e9 d\u00e9cern\u00e9 \u00e0 l\u2019\u00e9cole \u00e9l\u00e9mentaire Samba Gaye de Warang, pour son engagement en faveur de la protection de l\u2019environnement.<\/p>\n\n\n\n<p>DOB\/ADI\/ABB<\/p>\n","protected":false},"excerpt":{"rendered":"<p>Warang (Mbour), (APS) \u2013 L\u2019\u00e9pouse du pr\u00e9sident Bassirou Diomaye Faye, Marie Khone Faye, s\u2019est engag\u00e9e, dimanche \u00e0 Warang, un village<\/p>\n","protected":false},"author":1,"featured_media":54447,"comment_status":"open","ping_status":"open","sticky":false,"template":"","format":"standard","meta":{"footnotes":""},"categories":[26],"tags":[],"class_list":["post-54446","post","type-post","status-publish","format-standard","has-post-thumbnail","hentry","category-fait-divers"],"_links":{"self":[{"href":"https:\/\/dekkbi.com\/index.php?rest_route=\/wp\/v2\/posts\/54446","targetHints":{"allow":["GET"]}}],"collection":[{"href":"https:\/\/dekkbi.com\/index.php?rest_route=\/wp\/v2\/posts"}],"about":[{"href":"https:\/\/dekkbi.com\/index.php?rest_route=\/wp\/v2\/types\/post"}],"author":[{"embeddable":true,"href":"https:\/\/dekkbi.com\/index.php?rest_route=\/wp\/v2\/users\/1"}],"replies":[{"embeddable":true,"href":"https:\/\/dekkbi.com\/index.php?rest_route=%2Fwp%2Fv2%2Fcomments&post=54446"}],"version-history":[{"count":1,"href":"https:\/\/dekkbi.com\/index.php?rest_route=\/wp\/v2\/posts\/54446\/revisions"}],"predecessor-version":[{"id":54448,"href":"https:\/\/dekkbi.com\/index.php?rest_route=\/wp\/v2\/posts\/54446\/revisions\/54448"}],"wp:featuredmedia":[{"embeddable":true,"href":"https:\/\/dekkbi.com\/index.php?rest_route=\/wp\/v2\/media\/54447"}],"wp:attachment":[{"href":"https:\/\/dekkbi.com\/index.php?rest_route=%2Fwp%2Fv2%2Fmedia&parent=54446"}],"wp:term":[{"taxonomy":"category","embeddable":true,"href":"https:\/\/dekkbi.com\/index.php?rest_route=%2Fwp%2Fv2%2Fcategories&post=54446"},{"taxonomy":"post_tag","embeddable":true,"href":"https:\/\/dekkbi.com\/index.php?rest_route=%2Fwp%2Fv2%2Ftags&post=54446"}],"curies":[{"name":"wp","href":"https:\/\/api.w.org\/{rel}","templated":true}]}}