{"id":54323,"date":"2025-04-03T10:30:27","date_gmt":"2025-04-03T10:30:27","guid":{"rendered":"https:\/\/dekkbi.com\/?p=54323"},"modified":"2025-04-03T10:30:41","modified_gmt":"2025-04-03T10:30:41","slug":"questions-dactualite-au-gouvernement-sonko-a-lassemblee-le-10-avril","status":"publish","type":"post","link":"https:\/\/dekkbi.com\/?p=54323","title":{"rendered":"Questions d\u2019actualit\u00e9 au gouvernement: Sonko \u00e0 l\u2019Assembl\u00e9e le 10 avril"},"content":{"rendered":"\n<p>Le Premier ministre, Ousmane Sonko va retourner \u00e0 l\u2019Assembl\u00e9e nationale. Apr\u00e8s son premier passage le 21 f\u00e9vrier dernier, le chef du gouvernement, Ousmane Sonko va se pr\u00e9senter \u00e0 nouveau devant la repr\u00e9sentation nationale ainsi que des membres de son gouvernement pour r\u00e9pondre aux questions des \u00e9lus. L\u2019annonce a \u00e9t\u00e9 a faite hier, par le pr\u00e9sident de l\u2019Assembl\u00e9e nationale dans son mot de cl\u00f4ture de la session pl\u00e9ni\u00e8re consacr\u00e9e \u00e0 l\u2019examen de la proposition de loi portant interpr\u00e9tation de loi d\u2019amnistie. \u00ab&nbsp;Les d\u00e9put\u00e9s sont convoqu\u00e9s en s\u00e9ance pl\u00e9ni\u00e8re le jeudi 10 avril 2025 \u00e0 10 heures pour une session de Questions d\u2019actualit\u00e9 au Gouvernement. Ce rendez-vous parlementaire, inscrit dans l\u2019agenda politique, permettra aux \u00e9lus d\u2019interpeller le chef du gouvernement, Ousmane Sonko, ainsi que des ministres sur des sujets d\u2019int\u00e9r\u00eat national&nbsp;\u00bb, a pr\u00e9cis\u00e9 le pr\u00e9sident de l\u2019Assembl\u00e9e nationale.<\/p>\n\n\n\n<p><strong>Nando Cabral GOMIS<\/strong><br>SUDQUOTIDIEN<\/p>\n","protected":false},"excerpt":{"rendered":"<p>Le Premier ministre, Ousmane Sonko va retourner \u00e0 l\u2019Assembl\u00e9e nationale. Apr\u00e8s son premier passage le 21 f\u00e9vrier dernier, le chef<\/p>\n","protected":false},"author":1,"featured_media":54324,"comment_status":"open","ping_status":"open","sticky":false,"template":"","format":"standard","meta":{"footnotes":""},"categories":[6],"tags":[],"class_list":["post-54323","post","type-post","status-publish","format-standard","has-post-thumbnail","hentry","category-politics"],"_links":{"self":[{"href":"https:\/\/dekkbi.com\/index.php?rest_route=\/wp\/v2\/posts\/54323","targetHints":{"allow":["GET"]}}],"collection":[{"href":"https:\/\/dekkbi.com\/index.php?rest_route=\/wp\/v2\/posts"}],"about":[{"href":"https:\/\/dekkbi.com\/index.php?rest_route=\/wp\/v2\/types\/post"}],"author":[{"embeddable":true,"href":"https:\/\/dekkbi.com\/index.php?rest_route=\/wp\/v2\/users\/1"}],"replies":[{"embeddable":true,"href":"https:\/\/dekkbi.com\/index.php?rest_route=%2Fwp%2Fv2%2Fcomments&post=54323"}],"version-history":[{"count":1,"href":"https:\/\/dekkbi.com\/index.php?rest_route=\/wp\/v2\/posts\/54323\/revisions"}],"predecessor-version":[{"id":54325,"href":"https:\/\/dekkbi.com\/index.php?rest_route=\/wp\/v2\/posts\/54323\/revisions\/54325"}],"wp:featuredmedia":[{"embeddable":true,"href":"https:\/\/dekkbi.com\/index.php?rest_route=\/wp\/v2\/media\/54324"}],"wp:attachment":[{"href":"https:\/\/dekkbi.com\/index.php?rest_route=%2Fwp%2Fv2%2Fmedia&parent=54323"}],"wp:term":[{"taxonomy":"category","embeddable":true,"href":"https:\/\/dekkbi.com\/index.php?rest_route=%2Fwp%2Fv2%2Fcategories&post=54323"},{"taxonomy":"post_tag","embeddable":true,"href":"https:\/\/dekkbi.com\/index.php?rest_route=%2Fwp%2Fv2%2Ftags&post=54323"}],"curies":[{"name":"wp","href":"https:\/\/api.w.org\/{rel}","templated":true}]}}