{"id":54321,"date":"2025-04-03T10:20:31","date_gmt":"2025-04-03T10:20:31","guid":{"rendered":"https:\/\/dekkbi.com\/?p=54321"},"modified":"2025-04-03T10:20:32","modified_gmt":"2025-04-03T10:20:32","slug":"can-u17-senegal-tunisie-demain-vendredi-une-finale-pour-la-premiere-place-du-groupe-c","status":"publish","type":"post","link":"https:\/\/dekkbi.com\/?p=54321","title":{"rendered":"Can u17- S\u00e9n\u00e9gal-Tunisie demain vendredi : une \u00ab finale \u00bb pour la premi\u00e8re place du Groupe C"},"content":{"rendered":"\n<p>Le S\u00e9n\u00e9gal&nbsp;&nbsp;affronte demain vendredi 4 avril, la Tunisie dans le cadre de la 2<sup>e<\/sup>&nbsp;journ\u00e9e du groupe C de la CAN U17 qui se joue au Maroc.&nbsp;&nbsp;Apr\u00e8s la victoire contre la Gambie&nbsp;&nbsp;lors de la premi\u00e8re journ\u00e9e (1-0),&nbsp;&nbsp;&nbsp;cette sortie sera d\u00e9cisive&nbsp;&nbsp;&nbsp;pour les Lionceaux. L\u2019enjeu de cette rencontre sera la premi\u00e8re place du Groupe C et&nbsp;&nbsp;la qualification pour les quarts de finale.&nbsp;&nbsp;Si&nbsp;&nbsp;avec ce court succ\u00e8s, le S\u00e9n\u00e9gal avait r\u00e9ussi le minimum en lan\u00e7ant parfaitement sa campagne et la d\u00e9fense de son titre, la prestation n\u2019avait pas convaincu.&nbsp;&nbsp;&nbsp;Le s\u00e9lectionneur&nbsp;&nbsp;Pape Ibrahima Faye, souhaite apporter des correctifs afin d\u2019avoir plus de ma\u00eetrise et d\u2019efficacit\u00e9 offensive pour les prochaines rencontres.<\/p>\n\n\n\n<p>En premi\u00e8re p\u00e9riode, on a su d\u00e9rouler et r\u00e9ussir \u00e0 jouer \u00e0 l\u2019int\u00e9rieur avec nos arri\u00e8res lat\u00e9rales. Ce qui fait partie de nos principes offensifs. Mais en deuxi\u00e8me mi-temps, on n\u2019a pas \u00e9t\u00e9 techniquement bons. On a rat\u00e9 trop de passes et trop de prises de balles vers l\u2019avant. Mais ce genre de comp\u00e9tition nous permet de corriger nos imperfections\u201d, soulignait-il.&nbsp;En collant un 3-0 \u00e0 l\u2019\u00e9quipe&nbsp;de la Somalie lors de la 1<sup>\u00e8re<\/sup>&nbsp;journ\u00e9e, les cadets tunisiens se sont empar\u00e9s des commandes du Groupe C de la Can U17 gr\u00e2ce \u00e0 leur goal-diff\u00e9rence (3 pts +3).&nbsp;&nbsp;Ce, devant le S\u00e9n\u00e9gal (3 pts +1), la Gambie (0 pt -1), et la&nbsp;Somalie (0 pt -3).<\/p>\n\n\n\n<p><strong>Omar DIAW<\/strong><br>SUDQUOTIDIEN<\/p>\n","protected":false},"excerpt":{"rendered":"<p>Le S\u00e9n\u00e9gal&nbsp;&nbsp;affronte demain vendredi 4 avril, la Tunisie dans le cadre de la 2e&nbsp;journ\u00e9e du groupe C de la CAN<\/p>\n","protected":false},"author":1,"featured_media":54206,"comment_status":"open","ping_status":"open","sticky":false,"template":"","format":"standard","meta":{"footnotes":""},"categories":[9],"tags":[],"class_list":["post-54321","post","type-post","status-publish","format-standard","has-post-thumbnail","hentry","category-sports"],"_links":{"self":[{"href":"https:\/\/dekkbi.com\/index.php?rest_route=\/wp\/v2\/posts\/54321","targetHints":{"allow":["GET"]}}],"collection":[{"href":"https:\/\/dekkbi.com\/index.php?rest_route=\/wp\/v2\/posts"}],"about":[{"href":"https:\/\/dekkbi.com\/index.php?rest_route=\/wp\/v2\/types\/post"}],"author":[{"embeddable":true,"href":"https:\/\/dekkbi.com\/index.php?rest_route=\/wp\/v2\/users\/1"}],"replies":[{"embeddable":true,"href":"https:\/\/dekkbi.com\/index.php?rest_route=%2Fwp%2Fv2%2Fcomments&post=54321"}],"version-history":[{"count":1,"href":"https:\/\/dekkbi.com\/index.php?rest_route=\/wp\/v2\/posts\/54321\/revisions"}],"predecessor-version":[{"id":54322,"href":"https:\/\/dekkbi.com\/index.php?rest_route=\/wp\/v2\/posts\/54321\/revisions\/54322"}],"wp:featuredmedia":[{"embeddable":true,"href":"https:\/\/dekkbi.com\/index.php?rest_route=\/wp\/v2\/media\/54206"}],"wp:attachment":[{"href":"https:\/\/dekkbi.com\/index.php?rest_route=%2Fwp%2Fv2%2Fmedia&parent=54321"}],"wp:term":[{"taxonomy":"category","embeddable":true,"href":"https:\/\/dekkbi.com\/index.php?rest_route=%2Fwp%2Fv2%2Fcategories&post=54321"},{"taxonomy":"post_tag","embeddable":true,"href":"https:\/\/dekkbi.com\/index.php?rest_route=%2Fwp%2Fv2%2Ftags&post=54321"}],"curies":[{"name":"wp","href":"https:\/\/api.w.org\/{rel}","templated":true}]}}