{"id":54307,"date":"2025-04-03T09:50:58","date_gmt":"2025-04-03T09:50:58","guid":{"rendered":"https:\/\/dekkbi.com\/?p=54307"},"modified":"2025-04-03T09:54:14","modified_gmt":"2025-04-03T09:54:14","slug":"le-garde-des-sceaux-defend-la-bonne-marche-de-la-justice-et-le-respect-des-regles-de-procedures","status":"publish","type":"post","link":"https:\/\/dekkbi.com\/?p=54307","title":{"rendered":"Le Garde des Sceaux d\u00e9fend \u201dla bonne marche de la justice\u201d et \u201dle respect des r\u00e8gles de proc\u00e9dures\u201d"},"content":{"rendered":"\n<p>Dakar, (APS) \u2013 Le Garde des Sceaux, Ousmane Diagne, a d\u00e9fendu, mercredi, devant les d\u00e9put\u00e9s, la bonne marche de la Justice et le respect des r\u00e8gles de proc\u00e9dures, refusant toute forme de pr\u00e9cipitation face aux suppos\u00e9es lenteurs de la justice.\u00a0\u201dNous ne nous pr\u00e9cipitons pas. Ce qui nous importe, c\u2019est la bonne marche de la justice et le respect des r\u00e8gles de proc\u00e9dures. Le Pool judiciaire financier est en train de faire son travail\u201d, a-t-il dit.<\/p>\n\n\n\n<p>Lors de la s\u00e9ance pl\u00e9ni\u00e8re consacr\u00e9e \u00e0 la proposition de la loi interpr\u00e9tative de la Loi d\u2019amnistie, des d\u00e9put\u00e9s ont interpell\u00e9 le ministre de la justice sur les lenteurs de la justice concernant plusieurs dossiers.<\/p>\n\n\n\n<p>Ousmane Diagne a dit ne pas comprendre \u201cen toute objectivit\u00e9 ces observations pour ne pas dire ces critiques\u201d.<\/p>\n\n\n\n<p>\u201cC\u2019est comme si finalement ce qui semble int\u00e9resser les gens c\u2019est moins la bonne marche de la Justice que l\u2019arrestation et la poursuite de certaines personnes qui ont \u00e9t\u00e9 cit\u00e9es\u201d, a-t-il regrett\u00e9.<\/p>\n\n\n\n<p>Selon lui, il ne faut pas perdre de vue qu\u2019il fallait mettre en place les juridictions comp\u00e9tentes telles que le Pool judiciaire et financier pour entamer les proc\u00e9dures.<\/p>\n\n\n\n<p>Il a rappel\u00e9 que \u201cle Pool judiciaire et financier a \u00e9t\u00e9 install\u00e9 le 24 septembre 2024\u201d et ses magistrats \u201dont abattu un travail consid\u00e9rable\u201d.<\/p>\n\n\n\n<p>Selon lui, il fallait aussi installer, le 28 d\u00e9cembre 2024, la Haute Cour de justice, seule habilit\u00e9e \u00e0 poursuivre certaines personnes.<\/p>\n\n\n\n<p>Le ministre Ousmane Diagne a rendu \u201cun vibrant hommage aux magistrats qui jusqu\u2019\u00e0 pr\u00e9sent abattent un travail remarquable en toute ind\u00e9pendance et dans un professionnalisme qui ne laisse place \u00e0 aucun doute\u201d.<\/p>\n\n\n\n<p>Le ministre a \u00e9voqu\u00e9 son exp\u00e9rience professionnelle de plus de 30 ans pour ne pas faire dans la pr\u00e9cipitation.<\/p>\n\n\n\n<p>\u201cJe n\u2019ai jamais accept\u00e9 qu\u2019on fasse pression sur moi surtout dans un sens d\u00e9termin\u00e9. Qu\u2019on ne compte pas sur moi pour exercer la moindre pression sur les magistrats du si\u00e8ge\u201d, a-t-il pr\u00e9venu.<\/p>\n\n\n\n<p>M. Diagne a pr\u00e9cis\u00e9 qu\u2019il n\u2019exerce aucune autorit\u00e9 sur les magistrats qui, selon lui, font bien leur travail.<\/p>\n\n\n\n<p>\u201cJe suis extr\u00eamement satisfait de la fa\u00e7on dont la justice est rendue, dont les magistrats s\u2019acquittent de leur responsabilit\u00e9, de leur pr\u00e9rogative. Nous savons tous que la justice a chang\u00e9. Il n\u2019est plus dit qu\u2019un opposant ou quelqu\u2019un qui est en d\u00e9licatesse avec le pouvoir, s\u2019il a des probl\u00e8mes (\u2026) que les gens s\u2019attendent fatalement \u00e0 une condamnation; il est arriv\u00e9 qu\u2019il y ait eu des d\u00e9cisions de relaxe\u201d, a d\u00e9fendu Ousmane Diagne.<\/p>\n\n\n\n<p>FD\/OID\/ASB<\/p>\n","protected":false},"excerpt":{"rendered":"<p>Dakar, (APS) \u2013 Le Garde des Sceaux, Ousmane Diagne, a d\u00e9fendu, mercredi, devant les d\u00e9put\u00e9s, la bonne marche de la<\/p>\n","protected":false},"author":1,"featured_media":36831,"comment_status":"open","ping_status":"open","sticky":false,"template":"","format":"standard","meta":{"footnotes":""},"categories":[6],"tags":[],"class_list":["post-54307","post","type-post","status-publish","format-standard","has-post-thumbnail","hentry","category-politics"],"_links":{"self":[{"href":"https:\/\/dekkbi.com\/index.php?rest_route=\/wp\/v2\/posts\/54307","targetHints":{"allow":["GET"]}}],"collection":[{"href":"https:\/\/dekkbi.com\/index.php?rest_route=\/wp\/v2\/posts"}],"about":[{"href":"https:\/\/dekkbi.com\/index.php?rest_route=\/wp\/v2\/types\/post"}],"author":[{"embeddable":true,"href":"https:\/\/dekkbi.com\/index.php?rest_route=\/wp\/v2\/users\/1"}],"replies":[{"embeddable":true,"href":"https:\/\/dekkbi.com\/index.php?rest_route=%2Fwp%2Fv2%2Fcomments&post=54307"}],"version-history":[{"count":1,"href":"https:\/\/dekkbi.com\/index.php?rest_route=\/wp\/v2\/posts\/54307\/revisions"}],"predecessor-version":[{"id":54308,"href":"https:\/\/dekkbi.com\/index.php?rest_route=\/wp\/v2\/posts\/54307\/revisions\/54308"}],"wp:featuredmedia":[{"embeddable":true,"href":"https:\/\/dekkbi.com\/index.php?rest_route=\/wp\/v2\/media\/36831"}],"wp:attachment":[{"href":"https:\/\/dekkbi.com\/index.php?rest_route=%2Fwp%2Fv2%2Fmedia&parent=54307"}],"wp:term":[{"taxonomy":"category","embeddable":true,"href":"https:\/\/dekkbi.com\/index.php?rest_route=%2Fwp%2Fv2%2Fcategories&post=54307"},{"taxonomy":"post_tag","embeddable":true,"href":"https:\/\/dekkbi.com\/index.php?rest_route=%2Fwp%2Fv2%2Ftags&post=54307"}],"curies":[{"name":"wp","href":"https:\/\/api.w.org\/{rel}","templated":true}]}}