{"id":54301,"date":"2025-04-02T10:14:09","date_gmt":"2025-04-02T10:14:09","guid":{"rendered":"https:\/\/dekkbi.com\/?p=54301"},"modified":"2025-04-02T10:14:50","modified_gmt":"2025-04-02T10:14:50","slug":"open-press-ada-fass-tres-confiant-jai-la-bonne-strategie-pour-battre-lac-2","status":"publish","type":"post","link":"https:\/\/dekkbi.com\/?p=54301","title":{"rendered":"Open Press \u2013 Ada Fass tr\u00e8s confiant"},"content":{"rendered":"\n<p><strong>\u00ab J\u2019ai la bonne strat\u00e9gie pour battre Lac 2\u00a0(\u2026) \u00bb <\/strong>En Open Press ce mardi, le lutteur Adama Correa dit Ada Fass a offert une v\u00e9ritable d\u00e9monstration de force avant d\u2019assurer \u00e0 ses fans une victoire limpide vendredi soir.<\/p>\n\n\n\n<p>M\u00eame s\u2019il na pu tenir son Open Press comme il le souhaitait, Ada Fass s\u2019est montr\u00e9 tout de m\u00eame tr\u00e8s en jambe et fin pr\u00eat pour en d\u00e9coudre avec Lac de Guiers le 4 avril. Comme depuis l\u2019officialisation de son combat, le \u00ab&nbsp;gouverneur de Dakar&nbsp;\u00bb a d\u00e9clar\u00e9 qu\u2019il \u00e9tait s\u00fbr de l\u2019emporter malgr\u00e9 qu\u2019il ne soit pas le favori.<\/p>\n\n\n\n<p>\u00ab&nbsp;<em>Je suis un lutteur qui prend des initiatives et c\u2019est ce que je ferai m\u00eame si mon adversaire est tr\u00e8s d\u00e9fensif. Je suis un attaquant donc je vais attaquer Lac de Guiers. J\u2019ai la bonne strat\u00e9gie pout le battre. J\u2019ai l\u2019esprit tranquille et je ne mets aucune pression dans un combat, qu\u2019importe l\u2019adversaire. Je suis pr\u00eat !&nbsp;<\/em>\u00bb a-t-il d\u00e9clar\u00e9.<\/p>\n\n\n\n<p>Le vainqueur de Zoss d\u2019ajouter qu\u2019il s\u2019est \u00e9galement pr\u00e9par\u00e9 \u00e0 affronter le puncheur du Walo dans son exercice favori, la boxe.<\/p>\n\n\n\n<p>\u00ab&nbsp;<em>Avec mon p\u00e8re Mouhamed Ali, j\u2019ai beaucoup travaill\u00e9 la boxe quand j\u2019\u00e9tais en France. Si j\u2019ai autant confiance en moi c\u2019est parce que je sais que j\u2019ai \u00e9norm\u00e9ment progress\u00e9. Mon r\u00e9cent combat en MMA m\u2019a aussi permis de m\u2019am\u00e9liorer<\/em>&nbsp;\u00bb.<\/p>\n\n\n\n<p>Wiwsport.com<\/p>\n","protected":false},"excerpt":{"rendered":"<p>\u00ab J\u2019ai la bonne strat\u00e9gie pour battre Lac 2\u00a0(\u2026) \u00bb En Open Press ce mardi, le lutteur Adama Correa dit<\/p>\n","protected":false},"author":1,"featured_media":54302,"comment_status":"open","ping_status":"open","sticky":false,"template":"","format":"standard","meta":{"footnotes":""},"categories":[9],"tags":[],"class_list":["post-54301","post","type-post","status-publish","format-standard","has-post-thumbnail","hentry","category-sports"],"_links":{"self":[{"href":"https:\/\/dekkbi.com\/index.php?rest_route=\/wp\/v2\/posts\/54301","targetHints":{"allow":["GET"]}}],"collection":[{"href":"https:\/\/dekkbi.com\/index.php?rest_route=\/wp\/v2\/posts"}],"about":[{"href":"https:\/\/dekkbi.com\/index.php?rest_route=\/wp\/v2\/types\/post"}],"author":[{"embeddable":true,"href":"https:\/\/dekkbi.com\/index.php?rest_route=\/wp\/v2\/users\/1"}],"replies":[{"embeddable":true,"href":"https:\/\/dekkbi.com\/index.php?rest_route=%2Fwp%2Fv2%2Fcomments&post=54301"}],"version-history":[{"count":2,"href":"https:\/\/dekkbi.com\/index.php?rest_route=\/wp\/v2\/posts\/54301\/revisions"}],"predecessor-version":[{"id":54304,"href":"https:\/\/dekkbi.com\/index.php?rest_route=\/wp\/v2\/posts\/54301\/revisions\/54304"}],"wp:featuredmedia":[{"embeddable":true,"href":"https:\/\/dekkbi.com\/index.php?rest_route=\/wp\/v2\/media\/54302"}],"wp:attachment":[{"href":"https:\/\/dekkbi.com\/index.php?rest_route=%2Fwp%2Fv2%2Fmedia&parent=54301"}],"wp:term":[{"taxonomy":"category","embeddable":true,"href":"https:\/\/dekkbi.com\/index.php?rest_route=%2Fwp%2Fv2%2Fcategories&post=54301"},{"taxonomy":"post_tag","embeddable":true,"href":"https:\/\/dekkbi.com\/index.php?rest_route=%2Fwp%2Fv2%2Ftags&post=54301"}],"curies":[{"name":"wp","href":"https:\/\/api.w.org\/{rel}","templated":true}]}}