{"id":5429,"date":"2022-12-28T12:47:25","date_gmt":"2022-12-28T12:47:25","guid":{"rendered":"https:\/\/dekkbi.com\/?p=5429"},"modified":"2022-12-28T12:47:48","modified_gmt":"2022-12-28T12:47:48","slug":"lan-1-du-ter-les-impactes-dans-la-rue-le-14-janvier-prochain","status":"publish","type":"post","link":"https:\/\/dekkbi.com\/?p=5429","title":{"rendered":"L&rsquo;AN 1 DU TER &#8211; <strong>Les impact\u00e9s dans la rue, le 14 janvier prochain<\/strong>"},"content":{"rendered":"\n<p><em><strong>Un an apr\u00e8s les promesses du chef de l&rsquo;\u00c9tat de les indemniser, les impact\u00e9s du TER ne savent plus quoi faire. Si rien ne bouge, ils comptent faire une marche le 14 janvier prochain, avant de voyager de gr\u00e9 ou de force dans le TER pour se faire entendre.<\/strong><\/em><\/p>\n\n\n\n<p>Le 27 d\u00e9cembre 2021, lors de l&rsquo;inauguration du Train express r\u00e9gional (TER), le chef de l&rsquo;\u00c9tat avait promis aux impact\u00e9s du trac\u00e9 du train qu&rsquo;ils allaient \u00eatre d\u00e9dommag\u00e9s dans les trois mois qui allaient suivre. Un an apr\u00e8s, rien n&rsquo;a \u00e9t\u00e9 fait pour les 3 000 familles concern\u00e9es. Pour se faire entendre, elles ont fait face \u00e0 la presse, hier.<\/p>\n\n\n\n<p>Selon le pr\u00e9sident du Collectif des&nbsp; impact\u00e9s du TER, cette situation les attriste et les d\u00e9sole. Macodou Fall et les autres membres du collectif sont outr\u00e9s par le comportement des autorit\u00e9s s\u00e9n\u00e9galaises. \u2018\u2019Lors de son discours le jour de l\u2019inauguration, Macky Sall avait m\u00eame lou\u00e9 notre compr\u00e9hension, lorsqu\u2019il a fallu lib\u00e9rer les emprises. Ce qui n&rsquo;\u00e9tait pas \u00e9vident. Nous avons jou\u00e9 un grand r\u00f4le durant le processus. Mais un an apr\u00e8s, rien n\u2019a \u00e9t\u00e9 fait. M\u00eame la maison TER de Mbao n\u2019est pas ouverte, alors que c\u2019\u00e9tait une promesse. Cela veut dire qu\u2019aucun ch\u00e8que n\u2019a \u00e9t\u00e9 pay\u00e9, aucune prime de vuln\u00e9rabilit\u00e9. En deux mots, rien n\u2019a \u00e9t\u00e9 fait. En ce qui concerne nos sites de recasement, nous les impact\u00e9s situ\u00e9s sud c\u00f4t\u00e9 du lac Rose, rien n\u2019a boug\u00e9 dans ce sens depuis la visite officielle avec le sous-pr\u00e9fet de Sangalkam. Que des lenteurs dans ce sens sont not\u00e9es, sans oublier les fausses informations qui circulent\u2019\u2019, s\u2019est d\u00e9sol\u00e9 Macodou Fall avant-hier lors d\u2019un point de presse.<\/p>\n\n\n\n<p>Selon lui, ils ont eu une rencontre avec l\u2019actuel DG de l\u2019Apix, Abdoulaye Bald\u00e9, qui avait&nbsp; promis de r\u00e9gler cela le plus rapidement possible, mais toujours rien.<\/p>\n\n\n\n<p>Face \u00e0 toutes les difficult\u00e9s que les 3 000 impact\u00e9s sont en train de vivre, sans oublier les mille et une cons\u00e9quences de ce \u2018\u2019drame\u2019\u2019 social, ils ont d\u00e9cid\u00e9 de se faire entendre, si rien n\u2019est fait. \u2018\u2019On nous doit la r\u00e9ussite de ce projet de TER. Il y a toujours les m\u00eames dol\u00e9ances pour une affaire qui concerne plus de 250 000 \u00e2mes. Nous sommes laiss\u00e9s en rade. Chaque fois, c\u2019est la m\u00eame rengaine pour une affaire qui est plus qu\u2019une priorit\u00e9. Nous sommes vuln\u00e9rables et dans la pr\u00e9carit\u00e9. L&rsquo;\u00c9tat ne nous \u00e9coute m\u00eame pas. Qu\u2019il nous remette ce qu\u2019il nous doit. C\u2019est lui qui a pris nos maisons et nous l\u2019avons accept\u00e9 \u00e0 cause de ce projet de d\u00e9veloppement. Nous interpellons le chef de l&rsquo;\u00c9tat pour qu\u2019il acc\u00e9l\u00e8re les choses. Il a toujours donn\u00e9 des ordres, des instructions, mais les personnes cens\u00e9es les ex\u00e9cuter ne le font jamais. Nous ne sentons pas que les choses avancent. Ce qui nous pose probl\u00e8me\u2019\u2019, a-t-il dit devant des impact\u00e9s qui avaient mis des brassards rouges.<\/p>\n\n\n\n<p>&nbsp;\u2018\u2019Ce que nous voulons et exigeons est qu\u2019on nous paie tous les ch\u00e8ques de vuln\u00e9rabilit\u00e9 et d\u2019accompagnements sociaux, primes de revenus locatifs. L\u2019\u00c9tat nous doit des milliards F CFA. Qu\u2019il nous les donne. Nous sommes \u00e0 bout. Nous avons planifi\u00e9 un plan d\u2019action. Nous allons battre le macadam le 14 janvier prochain. S\u2019il n\u2019y a pas d\u2019\u00e9volution \u00e0 l&rsquo;issue de cette marche, nous allons voyager dans le TER, de force ou de gr\u00e9. Ce sera notre mani\u00e8re de nous faire entendre\u2019\u2019.<\/p>\n\n\n\n<p><em><strong>CHEIKH THIAM<\/strong><\/em><\/p>\n\n\n\n<p>ENQUETEPLUS<\/p>\n","protected":false},"excerpt":{"rendered":"<p>Un an apr\u00e8s les promesses du chef de l&rsquo;\u00c9tat de les indemniser, les impact\u00e9s du TER ne savent plus quoi<\/p>\n","protected":false},"author":1,"featured_media":5430,"comment_status":"open","ping_status":"open","sticky":false,"template":"","format":"standard","meta":{"footnotes":""},"categories":[3],"tags":[],"class_list":["post-5429","post","type-post","status-publish","format-standard","has-post-thumbnail","hentry","category-event-more-news"],"_links":{"self":[{"href":"https:\/\/dekkbi.com\/index.php?rest_route=\/wp\/v2\/posts\/5429","targetHints":{"allow":["GET"]}}],"collection":[{"href":"https:\/\/dekkbi.com\/index.php?rest_route=\/wp\/v2\/posts"}],"about":[{"href":"https:\/\/dekkbi.com\/index.php?rest_route=\/wp\/v2\/types\/post"}],"author":[{"embeddable":true,"href":"https:\/\/dekkbi.com\/index.php?rest_route=\/wp\/v2\/users\/1"}],"replies":[{"embeddable":true,"href":"https:\/\/dekkbi.com\/index.php?rest_route=%2Fwp%2Fv2%2Fcomments&post=5429"}],"version-history":[{"count":2,"href":"https:\/\/dekkbi.com\/index.php?rest_route=\/wp\/v2\/posts\/5429\/revisions"}],"predecessor-version":[{"id":5432,"href":"https:\/\/dekkbi.com\/index.php?rest_route=\/wp\/v2\/posts\/5429\/revisions\/5432"}],"wp:featuredmedia":[{"embeddable":true,"href":"https:\/\/dekkbi.com\/index.php?rest_route=\/wp\/v2\/media\/5430"}],"wp:attachment":[{"href":"https:\/\/dekkbi.com\/index.php?rest_route=%2Fwp%2Fv2%2Fmedia&parent=5429"}],"wp:term":[{"taxonomy":"category","embeddable":true,"href":"https:\/\/dekkbi.com\/index.php?rest_route=%2Fwp%2Fv2%2Fcategories&post=5429"},{"taxonomy":"post_tag","embeddable":true,"href":"https:\/\/dekkbi.com\/index.php?rest_route=%2Fwp%2Fv2%2Ftags&post=5429"}],"curies":[{"name":"wp","href":"https:\/\/api.w.org\/{rel}","templated":true}]}}