{"id":54277,"date":"2025-04-02T09:42:06","date_gmt":"2025-04-02T09:42:06","guid":{"rendered":"https:\/\/dekkbi.com\/?p=54277"},"modified":"2025-04-02T09:42:56","modified_gmt":"2025-04-02T09:42:56","slug":"toute-la-verite-sur-le-decret-n2024-3425-du-13-decembre-2024-concernant-limmatriculation-dune-parcelle-du-domaine-national-a-kandiou-commune-de-niakhar","status":"publish","type":"post","link":"https:\/\/dekkbi.com\/?p=54277","title":{"rendered":"\u00ab Toute la v\u00e9rit\u00e9 sur le d\u00e9cret n\u00b02024-3425 du 13 d\u00e9cembre 2024"},"content":{"rendered":"\n<h3 class=\"wp-block-heading\">Le d\u00e9cret n\u00b02024-3425 du 13 d\u00e9cembre 2024 a r\u00e9cemment suscit\u00e9 des r\u00e9actions sur les r\u00e9seaux sociaux. Ce texte, sign\u00e9 par le Pr\u00e9sident de la R\u00e9publique, M. Bassirou Diomaye Diakhar Faye, et contresign\u00e9 par le Premier ministre, M. Ousmane Sonko, concerne l\u2019immatriculation d\u2019une parcelle de 591 741 m\u00e8tres carr\u00e9s situ\u00e9e \u00e0 Kandiou, dans la Commune de Niakhar, en vue de son attribution par bail pour un projet d\u2019\u00e9nergie renouvelable.<\/h3>\n\n\n\n<p>L\u2019objectif de cette mesure est la construction d\u2019une centrale solaire de 30 MW, associ\u00e9e \u00e0 un syst\u00e8me de stockage de 15 MW compos\u00e9 de batteries au lithium d\u2019une capacit\u00e9 nette de 45 MW. Ce projet s\u2019inscrit dans la politique \u00e9nerg\u00e9tique du S\u00e9n\u00e9gal, qui vise une plus grande autonomie en \u00e9lectricit\u00e9.<\/p>\n\n\n\n<p>Pour sa mise en \u0153uvre, une soci\u00e9t\u00e9 d\u00e9nomm\u00e9e T\u00e9ranga Niakhar Storage SA a \u00e9t\u00e9 cr\u00e9\u00e9e, en partenariat avec la SENELEC, entreprise publique en charge de la distribution d\u2019\u00e9lectricit\u00e9.<\/p>\n\n\n\n<p>Un projet valid\u00e9 depuis 2021 et accompagn\u00e9 d\u2019indemnit\u00e9s pour les populations locales<\/p>\n\n\n\n<p>Contrairement \u00e0 certaines affirmations erron\u00e9es circulant sur les r\u00e9seaux sociaux, ce projet n\u2019est pas une acquisition r\u00e9cente et ill\u00e9gitime. Il repose sur plusieurs \u00e9tapes administratives et l\u00e9gales :<br>1. Le 4 juin 2021, le Conseil municipal de Niakhar a vot\u00e9 la d\u00e9lib\u00e9ration n\u00b01, validant le projet apr\u00e8s pr\u00e9sentation par son promoteur.<br>2. Le 3 ao\u00fbt 2021, cette d\u00e9cision a \u00e9t\u00e9 approuv\u00e9e par un arr\u00eat\u00e9 pr\u00e9fectoral n\u00b0173, conform\u00e9ment au Code g\u00e9n\u00e9ral des Collectivit\u00e9s territoriales.<br>3. Les exploitants des champs concern\u00e9s ont re\u00e7u des indemnit\u00e9s compensatrices, n\u00e9goci\u00e9es avec le Collectif des Impact\u00e9s du Projet et valid\u00e9es par l\u2019\u00c9tat.<br>4. Le 13 d\u00e9cembre 2024, le d\u00e9cret pr\u00e9sidentiel a officialis\u00e9 l\u2019immatriculation de la parcelle au nom de l\u2019\u00c9tat, une formalit\u00e9 essentielle pour l\u2019attribution d\u2019un bail au promoteur du projet.<\/p>\n\n\n\n<p>Des b\u00e9n\u00e9fices concrets pour la population locale<\/p>\n\n\n\n<p>En \u00e9change de l\u2019affectation de cette parcelle, une convention lie la Commune de Niakhar \u00e0 la soci\u00e9t\u00e9 promotrice. Elle pr\u00e9voit :<br>\u2022 Une compensation financi\u00e8re annuelle \u00e0 la Commune<br>\u2022 Des actions en faveur de l\u2019\u00e9ducation, de la sant\u00e9, du sport et de la culture<br>\u2022 Des financements pour les femmes et l\u2019am\u00e9lioration de l\u2019eau potable<br>\u2022 Un acc\u00e8s prioritaire \u00e0 l\u2019emploi pour les habitants de la zone concern\u00e9e<br>\u2022 Une am\u00e9lioration de l\u2019acc\u00e8s \u00e0 l\u2019\u00e9lectricit\u00e9 pour les localit\u00e9s environnantes<\/p>\n\n\n\n<p>Un projet qui transcende les r\u00e9gimes politiques<\/p>\n\n\n\n<p>Ce projet a \u00e9t\u00e9 initi\u00e9 sous la pr\u00e9sidence de Macky Sall et poursuivi sous celle de Bassirou Diomaye Diakhar Faye. Contrairement aux all\u00e9gations circulant en ligne, il ne s\u2019agit pas d\u2019une appropriation ill\u00e9gale de terrains en 2024 par des personnalit\u00e9s de l\u2019ancien r\u00e9gime.<\/p>\n\n\n\n<p>Parcelles \u00e0 usage d\u2019habitation et s\u00e9curisation fonci\u00e8re<\/p>\n\n\n\n<p>Face \u00e0 la demande croissante de parcelles \u00e0 usage d\u2019habitation, des op\u00e9rations d\u2019am\u00e9nagement sont en cours pour r\u00e9pondre aux besoins des habitants. Par ailleurs, la r\u00e9gularisation des occupations fonci\u00e8res avance, avec le soutien du Projet Cadastre et S\u00e9curisation Fonci\u00e8re (PROCASEF). Les occupants recevront des Num\u00e9ros d\u2019Identification Cadastrale (NICAD) pour s\u00e9curiser leurs propri\u00e9t\u00e9s.<\/p>\n\n\n\n<p>Vive la Commune de Niakhar ! \ud83c\uddf8\ud83c\uddf3 Vive le S\u00e9n\u00e9gal ! \u00bb<\/p>\n\n\n\n<p>\u270d\ud83c\udfff Macodou SENE, Administrateur civil principal de classe exceptionnelle,<br>Maire de la Commune de Niakhar<\/p>\n\n\n\n<p>Ousseynou Wade &#8211; LERAL.NET<\/p>\n","protected":false},"excerpt":{"rendered":"<p>Le d\u00e9cret n\u00b02024-3425 du 13 d\u00e9cembre 2024 a r\u00e9cemment suscit\u00e9 des r\u00e9actions sur les r\u00e9seaux sociaux. Ce texte, sign\u00e9 par<\/p>\n","protected":false},"author":1,"featured_media":54278,"comment_status":"open","ping_status":"open","sticky":false,"template":"","format":"standard","meta":{"footnotes":""},"categories":[26],"tags":[],"class_list":["post-54277","post","type-post","status-publish","format-standard","has-post-thumbnail","hentry","category-fait-divers"],"_links":{"self":[{"href":"https:\/\/dekkbi.com\/index.php?rest_route=\/wp\/v2\/posts\/54277","targetHints":{"allow":["GET"]}}],"collection":[{"href":"https:\/\/dekkbi.com\/index.php?rest_route=\/wp\/v2\/posts"}],"about":[{"href":"https:\/\/dekkbi.com\/index.php?rest_route=\/wp\/v2\/types\/post"}],"author":[{"embeddable":true,"href":"https:\/\/dekkbi.com\/index.php?rest_route=\/wp\/v2\/users\/1"}],"replies":[{"embeddable":true,"href":"https:\/\/dekkbi.com\/index.php?rest_route=%2Fwp%2Fv2%2Fcomments&post=54277"}],"version-history":[{"count":2,"href":"https:\/\/dekkbi.com\/index.php?rest_route=\/wp\/v2\/posts\/54277\/revisions"}],"predecessor-version":[{"id":54280,"href":"https:\/\/dekkbi.com\/index.php?rest_route=\/wp\/v2\/posts\/54277\/revisions\/54280"}],"wp:featuredmedia":[{"embeddable":true,"href":"https:\/\/dekkbi.com\/index.php?rest_route=\/wp\/v2\/media\/54278"}],"wp:attachment":[{"href":"https:\/\/dekkbi.com\/index.php?rest_route=%2Fwp%2Fv2%2Fmedia&parent=54277"}],"wp:term":[{"taxonomy":"category","embeddable":true,"href":"https:\/\/dekkbi.com\/index.php?rest_route=%2Fwp%2Fv2%2Fcategories&post=54277"},{"taxonomy":"post_tag","embeddable":true,"href":"https:\/\/dekkbi.com\/index.php?rest_route=%2Fwp%2Fv2%2Ftags&post=54277"}],"curies":[{"name":"wp","href":"https:\/\/api.w.org\/{rel}","templated":true}]}}