{"id":54272,"date":"2025-04-02T09:38:23","date_gmt":"2025-04-02T09:38:23","guid":{"rendered":"https:\/\/dekkbi.com\/?p=54272"},"modified":"2025-04-02T09:38:24","modified_gmt":"2025-04-02T09:38:24","slug":"derniers-reglages-du-defile-du-4-avril-une-repetition-generale-decisive-sous-la-houlette-du-colonel-clement-nassalan","status":"publish","type":"post","link":"https:\/\/dekkbi.com\/?p=54272","title":{"rendered":"Derniers r\u00e9glages du d\u00e9fil\u00e9 du 4 avril : une r\u00e9p\u00e9tition g\u00e9n\u00e9rale d\u00e9cisive sous la houlette du Colonel Cl\u00e9ment Nassalan"},"content":{"rendered":"\n<p>Sous la supervision rigoureuse du Colonel Cl\u00e9ment Nassalan, \u00e0 la t\u00eate de la zone militaire num\u00e9ro 1 dans la r\u00e9gion de Dakar, les r\u00e9p\u00e9titions g\u00e9n\u00e9rales pour le d\u00e9fil\u00e9 du 4 avril se sont d\u00e9roul\u00e9es dans une ambiance marqu\u00e9e par la discipline et la rigueur. Cette r\u00e9p\u00e9tition, indispensable pour assurer la r\u00e9ussite de l&rsquo;\u00e9v\u00e9nement, a permis de rassembler tous les intervenants cl\u00e9s, depuis la c\u00e9r\u00e9monie d&rsquo;ouverture jusqu&rsquo;aux parades motoris\u00e9es et \u00e0 pied des forces de d\u00e9fense et de s\u00e9curit\u00e9, sans oublier la participation des \u00e9coles de formation militaire et paramilitaire. L&rsquo;objectif primordial \u00e9tait de d\u00e9celer les \u00e9ventuelles lacunes, de les rectifier et de garantir une ex\u00e9cution parfaite le jour venu.<\/p>\n\n\n\n<p>Le Colonel Nassalan a soulign\u00e9 l&rsquo;importance de ces r\u00e9p\u00e9titions, qui ne sont pas destin\u00e9es \u00e0 \u00eatre parfaites, mais \u00e0 mettre en lumi\u00e8re les petites imperfections \u00e0 corriger. Ainsi, de nombreuses observations ont \u00e9t\u00e9 faites, principalement sur des aspects techniques et de coordination. Ces ajustements, bien que minimes, n\u00e9cessitent une attention particuli\u00e8re, et le Colonel Nassalan a assur\u00e9 que les consignes donn\u00e9es seraient suivies avec rigueur. En d\u00e9pit des quelques imperfections relev\u00e9es, le climat reste positif, et la confiance est plac\u00e9e dans le travail collectif des acteurs impliqu\u00e9s pour que, d&rsquo;ici 48 heures, tout soit pr\u00eat pour un d\u00e9fil\u00e9 r\u00e9ussi.<\/p>\n\n\n\n<p>L&rsquo;innovation marquante de cette ann\u00e9e est l&rsquo;incorporation des intervenants culturels dans le cort\u00e8ge. Pour le Colonel Nassalan, c&rsquo;est un progr\u00e8s important qui valorise la culture s\u00e9n\u00e9galaise dans toutes ses nuances. Les repr\u00e9sentations culturelles mises en sc\u00e8ne ont apport\u00e9 un aspect singulier \u00e0 la r\u00e9p\u00e9tition, et m\u00eame si quelques modifications avec les intervenants culturels demeurent n\u00e9cessaires, la contribution de ces derniers sans aucun doute valorise l&rsquo;\u00e9v\u00e9nement. Ces innovations ne sont pas simplement un embellissement, elles repr\u00e9sentent aussi un authentique miroir de l&rsquo;identit\u00e9 et de la diversit\u00e9 culturelles du S\u00e9n\u00e9gal.<\/p>\n\n\n\n<p>Au final, en d\u00e9pit des d\u00e9fis auxquels il a \u00e9t\u00e9 confront\u00e9, le Colonel Nassalan garde un optimisme quant \u00e0 la r\u00e9ussite du d\u00e9fil\u00e9. Il souligne l&rsquo;importance de chaque d\u00e9tail et la n\u00e9cessit\u00e9 d&rsquo;une minutie rigoureuse dans les pr\u00e9paratifs pour assurer un \u00e9v\u00e9nement de qualit\u00e9. Parall\u00e8lement, les efforts pour renforcer les formations civiles, en particulier celles qui incluent de jeunes enfants, seront intensifi\u00e9s dans les jours \u00e0 venir. Le d\u00e9fil\u00e9 du 4 avril promet non seulement d&rsquo;\u00eatre un moment de fiert\u00e9 nationale, mais aussi une d\u00e9monstration de l&rsquo;engagement et de la sup\u00e9riorit\u00e9 des forces s\u00e9n\u00e9galaises de d\u00e9fense et de s\u00e9curit\u00e9.<\/p>\n\n\n\n<p>SOURCE DAKARACTU<\/p>\n\n\n\n<figure class=\"wp-block-embed is-type-rich is-provider-prise-en-charge-des-contenus-embarqu-s wp-block-embed-prise-en-charge-des-contenus-embarqu-s wp-embed-aspect-16-9 wp-has-aspect-ratio\"><div class=\"wp-block-embed__wrapper\">\n<iframe loading=\"lazy\" title=\"Derniers r\u00e9glages du d\u00e9fil\u00e9 du 4 avril : R\u00e9p\u00e9tition g\u00e9n\u00e9rale sous la houlette du Colonel C. Nassalan\" width=\"800\" height=\"450\" src=\"https:\/\/www.youtube.com\/embed\/WRSLFgVkmhA?feature=oembed\" frameborder=\"0\" allow=\"accelerometer; autoplay; clipboard-write; encrypted-media; gyroscope; picture-in-picture; web-share\" referrerpolicy=\"strict-origin-when-cross-origin\" allowfullscreen><\/iframe>\n<\/div><\/figure>\n","protected":false},"excerpt":{"rendered":"<p>Sous la supervision rigoureuse du Colonel Cl\u00e9ment Nassalan, \u00e0 la t\u00eate de la zone militaire num\u00e9ro 1 dans la r\u00e9gion<\/p>\n","protected":false},"author":1,"featured_media":54275,"comment_status":"open","ping_status":"open","sticky":false,"template":"","format":"standard","meta":{"footnotes":""},"categories":[26],"tags":[],"class_list":["post-54272","post","type-post","status-publish","format-standard","has-post-thumbnail","hentry","category-fait-divers"],"_links":{"self":[{"href":"https:\/\/dekkbi.com\/index.php?rest_route=\/wp\/v2\/posts\/54272","targetHints":{"allow":["GET"]}}],"collection":[{"href":"https:\/\/dekkbi.com\/index.php?rest_route=\/wp\/v2\/posts"}],"about":[{"href":"https:\/\/dekkbi.com\/index.php?rest_route=\/wp\/v2\/types\/post"}],"author":[{"embeddable":true,"href":"https:\/\/dekkbi.com\/index.php?rest_route=\/wp\/v2\/users\/1"}],"replies":[{"embeddable":true,"href":"https:\/\/dekkbi.com\/index.php?rest_route=%2Fwp%2Fv2%2Fcomments&post=54272"}],"version-history":[{"count":1,"href":"https:\/\/dekkbi.com\/index.php?rest_route=\/wp\/v2\/posts\/54272\/revisions"}],"predecessor-version":[{"id":54276,"href":"https:\/\/dekkbi.com\/index.php?rest_route=\/wp\/v2\/posts\/54272\/revisions\/54276"}],"wp:featuredmedia":[{"embeddable":true,"href":"https:\/\/dekkbi.com\/index.php?rest_route=\/wp\/v2\/media\/54275"}],"wp:attachment":[{"href":"https:\/\/dekkbi.com\/index.php?rest_route=%2Fwp%2Fv2%2Fmedia&parent=54272"}],"wp:term":[{"taxonomy":"category","embeddable":true,"href":"https:\/\/dekkbi.com\/index.php?rest_route=%2Fwp%2Fv2%2Fcategories&post=54272"},{"taxonomy":"post_tag","embeddable":true,"href":"https:\/\/dekkbi.com\/index.php?rest_route=%2Fwp%2Fv2%2Ftags&post=54272"}],"curies":[{"name":"wp","href":"https:\/\/api.w.org\/{rel}","templated":true}]}}