{"id":54270,"date":"2025-04-02T09:29:35","date_gmt":"2025-04-02T09:29:35","guid":{"rendered":"https:\/\/dekkbi.com\/?p=54270"},"modified":"2025-04-02T09:29:53","modified_gmt":"2025-04-02T09:29:53","slug":"sortie-de-la-societe-civile-sur-la-loi-dinterpretation-la-replique-de-ayib-daffe","status":"publish","type":"post","link":"https:\/\/dekkbi.com\/?p=54270","title":{"rendered":"Sortie de la soci\u00e9t\u00e9 civile sur la loi d&rsquo;interpr\u00e9tation : La r\u00e9plique de Ayib Daff\u00e9 !"},"content":{"rendered":"\n<p>iGFM &#8211; (Dakar) Ce mardi, des organisations de la soci\u00e9t\u00e9 civile ont invit\u00e9 les autorit\u00e9s \u00e0 surseoir \u00e0 l\u2019adoption de la loi d\u2019interpr\u00e9tation de la loi d\u2019amnistie. Thiate, membre de Y\u2019en a marre, a demand\u00e9 aux d\u00e9put\u00e9s de prendre leur responsabilit\u00e9 et ne pas adopter ce texte. Ayib Daff\u00e9, le pr\u00e9sident du Groupe parlementaire Pastef a r\u00e9pliqu\u00e9. Ci-dessous sa tribune.<\/p>\n\n\n\n<p>\u00abApr\u00e8s un mois de discussion et &nbsp;d&rsquo;examen d\u00e9mocratique en bureau, en &nbsp;conf\u00e9rence des pr\u00e9sidents, en commission des lois, la loi portant interpr\u00e9tation de la loi d&rsquo;amnistie, d\u00e9pos\u00e9e par Amadou BA n\u00b02, sera d\u00e9battue en s\u00e9ance pl\u00e9ni\u00e8re ce mercredi 02 avril 2025 par l&rsquo;Assembl\u00e9e nationale souveraine du peuple s\u00e9n\u00e9galais.<br><br>Nous remplirons notre mandat pour exiger la lumi\u00e8re sur les crimes de sang commis entre 2021 et 2024 sous le r\u00e9gime de Macky Sall par les meurtriers, assassins, tortionnaires et leurs complices.\u00bb<\/p>\n\n\n\n<p><\/p>\n","protected":false},"excerpt":{"rendered":"<p>iGFM &#8211; (Dakar) Ce mardi, des organisations de la soci\u00e9t\u00e9 civile ont invit\u00e9 les autorit\u00e9s \u00e0 surseoir \u00e0 l\u2019adoption de<\/p>\n","protected":false},"author":1,"featured_media":47920,"comment_status":"open","ping_status":"open","sticky":false,"template":"","format":"standard","meta":{"footnotes":""},"categories":[6],"tags":[],"class_list":["post-54270","post","type-post","status-publish","format-standard","has-post-thumbnail","hentry","category-politics"],"_links":{"self":[{"href":"https:\/\/dekkbi.com\/index.php?rest_route=\/wp\/v2\/posts\/54270","targetHints":{"allow":["GET"]}}],"collection":[{"href":"https:\/\/dekkbi.com\/index.php?rest_route=\/wp\/v2\/posts"}],"about":[{"href":"https:\/\/dekkbi.com\/index.php?rest_route=\/wp\/v2\/types\/post"}],"author":[{"embeddable":true,"href":"https:\/\/dekkbi.com\/index.php?rest_route=\/wp\/v2\/users\/1"}],"replies":[{"embeddable":true,"href":"https:\/\/dekkbi.com\/index.php?rest_route=%2Fwp%2Fv2%2Fcomments&post=54270"}],"version-history":[{"count":1,"href":"https:\/\/dekkbi.com\/index.php?rest_route=\/wp\/v2\/posts\/54270\/revisions"}],"predecessor-version":[{"id":54271,"href":"https:\/\/dekkbi.com\/index.php?rest_route=\/wp\/v2\/posts\/54270\/revisions\/54271"}],"wp:featuredmedia":[{"embeddable":true,"href":"https:\/\/dekkbi.com\/index.php?rest_route=\/wp\/v2\/media\/47920"}],"wp:attachment":[{"href":"https:\/\/dekkbi.com\/index.php?rest_route=%2Fwp%2Fv2%2Fmedia&parent=54270"}],"wp:term":[{"taxonomy":"category","embeddable":true,"href":"https:\/\/dekkbi.com\/index.php?rest_route=%2Fwp%2Fv2%2Fcategories&post=54270"},{"taxonomy":"post_tag","embeddable":true,"href":"https:\/\/dekkbi.com\/index.php?rest_route=%2Fwp%2Fv2%2Ftags&post=54270"}],"curies":[{"name":"wp","href":"https:\/\/api.w.org\/{rel}","templated":true}]}}