{"id":54239,"date":"2025-04-02T09:01:51","date_gmt":"2025-04-02T09:01:51","guid":{"rendered":"https:\/\/dekkbi.com\/?p=54239"},"modified":"2025-04-02T09:01:52","modified_gmt":"2025-04-02T09:01:52","slug":"derives-sur-le-net-necessite-de-mise-en-place-de-lautorite-de-regulation-des-reseaux-sociaux","status":"publish","type":"post","link":"https:\/\/dekkbi.com\/?p=54239","title":{"rendered":"D\u00e9rives sur le net : n\u00e9cessit\u00e9 de mise en place de l\u2019Autorit\u00e9 de R\u00e9gulation des R\u00e9seaux sociaux"},"content":{"rendered":"\n<p><a href=\"https:\/\/lesoleil.sn\/wp-content\/uploads\/2025\/04\/Aboubacar-Sadikh-Ndiaye.jpg\"><\/a>Partout dans le monde les mutations des usages apparues avec internet soul\u00e8vent plusieurs interrogations dont la r\u00e9gulation du cyberespace. Les tentatives internationales de r\u00e9gulation des GAFAM et leurs plateformes que sont les r\u00e9seaux sociaux notamment Facebook, twitter et YouTube ont \u00e9t\u00e9 nombreuses.<\/p>\n\n\n\n<p>Ces g\u00e9ants sont r\u00e9guli\u00e8rement au c\u0153ur des d\u00e9bats, suscitant la peur face \u00e0 tant d\u2019h\u00e9g\u00e9monie et souvent qualifi\u00e9s de \u00ab plus puissants que les \u00c9tats \u00bb. Au S\u00e9n\u00e9gal plusieurs \u00e9v\u00e9nements intervenus dans le champ politique et relay\u00e9s sur internet et sur les r\u00e9seaux sociaux ont repositionn\u00e9 cette question de l\u2019organisation du cyberespace. Et tr\u00e8s r\u00e9cemment la prolif\u00e9ration des insultes, attaques, injures, calomnies, violations des droits des personnes et incitations \u00e0 la haine ou \u00e0 la violence poussent les Etats et les soci\u00e9t\u00e9s organis\u00e9es \u00e0 r\u00e9fl\u00e9chir sur comment encadrer les usages num\u00e9riques.<\/p>\n\n\n\n<h3 class=\"wp-block-heading\"><strong>Les Objectifs de l\u2019organisation du cyberespace<\/strong><\/h3>\n\n\n\n<p>\u25cf&nbsp;&nbsp;&nbsp;&nbsp; Arriver \u00e0 la cr\u00e9ation d\u2019un espace en ligne sain avec un m\u00e9canisme de pr\u00e9vention et de sanction afin de dissuader et de punir s\u00e9v\u00e8rement les d\u00e9rives des utilisateurs sur le web, en donnant une responsabilit\u00e9 aux GAFAM et \u00e9diteurs de plateformes.<\/p>\n\n\n\n<p>\u25cf&nbsp;&nbsp;&nbsp;&nbsp; Mettre fin aux d\u00e9rives des r\u00e9seaux sociaux de sorte que ces espaces et ces plateformes en ligne ne pourront plus brandir l\u2019excuse du \u201cnous ne sommes que des interm\u00e9diaires\u201d.<\/p>\n\n\n\n<p>\u25cf&nbsp;&nbsp;&nbsp; Faire des r\u00e9seaux sociaux un espace o\u00f9 il sera possible d\u2019\u00e9radiquer les contenus illicites<\/p>\n\n\n\n<p>\u25cf&nbsp;&nbsp;&nbsp; Mettre en place un m\u00e9canisme consensuel et ad\u00e9quat pour sortir de la loi de la jungle sur internet et d\u00e9fendre les internautes.<\/p>\n\n\n\n<p>\u25cf&nbsp;&nbsp;&nbsp; En pratique, disposer de mesures devant permettre de lutter contre ces agissements et de signaler plus facilement lesdits contenus.<\/p>\n\n\n\n<p>Comment les autres espaces num\u00e9riques dans le monde g\u00e8rent ces questions?<\/p>\n\n\n\n<h3 class=\"wp-block-heading\"><strong>Le cas de l\u2019 Europe<\/strong><\/h3>\n\n\n\n<p>Il existe deux dispositions que sont le DSA et le DMA:<\/p>\n\n\n\n<p>Concernant le DSA ou Digital Services Act (DSA), il ne remet pas en cause la responsabilit\u00e9 limit\u00e9e des plateformes vis-\u00e0-vis des contenus et produits illicites qu\u2019elles h\u00e9bergent (notion d\u2019h\u00e9bergeur passif), celles-ci devront en revanche proposer un outil permettant aux utilisateurs de les signaler. Une fois ce signalement effectu\u00e9, elles devront alors retirer ces contenus et produits ou en d\u00e9sactiver rapidement l\u2019acc\u00e8s.<\/p>\n\n\n\n<p>Les plateformes auront l\u2019obligation de coop\u00e9rer avec des \u201csignaleurs de confiance\u201d. Il s\u2019agit d\u2019organes, associations ou individus labellis\u00e9s au sein de chaque Etat en vertu de leur expertise et qui verront leurs notifications trait\u00e9es en priorit\u00e9.<\/p>\n\n\n\n<p>Pour le Digital Markets Act (DMA) d\u00e9finit quelles plateformes ont un caract\u00e8re syst\u00e9mique. A cause de leur taille et du nombre de march\u00e9s dans lesquels elles sont pr\u00e9sentes, une poign\u00e9e d\u2019entreprises fonctionnent presque comme une porte d\u2019entr\u00e9e vers internet, selon Bruxelles. Puisqu\u2019elles disposent d\u2019un pouvoir \u00e9norme, elles peuvent barrer le passage \u00e0 leurs concurrents et, in fine, nuire aux consommateurs. Le r\u00e8glement d\u00e9finit un certain nombre d\u2019obligations qui s\u2019appliqueraient uniquement \u00e0 ces plateformes.<\/p>\n\n\n\n<h3 class=\"wp-block-heading\"><strong>Le cas de la Chine<\/strong><\/h3>\n\n\n\n<p>Dans une logique similaire, l\u2019administration du cyberespace de Chine (CAC) a \u00e9galement annonc\u00e9 d\u00e9but avril le lancement de la campagne QingLang d\u2019ici la fin de l\u2019ann\u00e9e 2022, poursuivant l\u2019objectif de cr\u00e9ation d\u2019un espace en ligne sain.<\/p>\n\n\n\n<p>De fa\u00e7on globale il faut envisager le futur de la r\u00e9gulation des r\u00e9seaux sociaux et espaces num\u00e9riques en s\u2019appuyant sur les algorithmes et l\u2019intelligence artificielle<\/p>\n\n\n\n<p>Quels sont les acteurs vis\u00e9s\/ou \u00e0 impliquer dans un tel projet de r\u00e9gulation?<\/p>\n\n\n\n<p>\u25cf&nbsp;&nbsp;&nbsp; Les GAFAM (Google, Apple, Facebook, Amazon et Microsoft) et autres g\u00e9ants du secteur sont les principales cibles des deux textes propos\u00e9s<\/p>\n\n\n\n<p>\u25cf&nbsp;&nbsp;&nbsp; Les fournisseurs d\u2019acc\u00e8s \u00e0 internet, services en nuage, messageries, places de march\u00e9, r\u00e9seaux sociaux\u2026<\/p>\n\n\n\n<p>\u25cf&nbsp;&nbsp;&nbsp; Les sites internets locaux et blogs<\/p>\n\n\n\n<p>Les arguments de ceux qui sont contre toute tentative de r\u00e9gulation<\/p>\n\n\n\n<p>\u25cf&nbsp;&nbsp;&nbsp; On ne peut pas r\u00e9guler car ces espaces doivent se r\u00e9guler seuls.<br>\u25cf&nbsp;&nbsp;&nbsp; Le danger d\u2019un contr\u00f4le d\u2019\u00e9tat sous couvert de r\u00e9gulation<\/p>\n\n\n\n<p>Quelle strat\u00e9gie au S\u00e9n\u00e9gal pour r\u00e9guler les r\u00e9seaux sociaux et internet et avec qui?<\/p>\n\n\n\n<p>Une d\u00e9marche en plusieurs points :<\/p>\n\n\n\n<p>\u25cf&nbsp;&nbsp;&nbsp; Mise en place d\u2019une autorit\u00e9 de r\u00e9gulation ind\u00e9pendante avec composition autour des parties prenantes sociales<\/p>\n\n\n\n<p>\u25cb&nbsp;&nbsp;&nbsp; culte religieux<\/p>\n\n\n\n<p>\u25cb&nbsp;&nbsp;&nbsp; soci\u00e9t\u00e9 civile<\/p>\n\n\n\n<p>\u25cb&nbsp;&nbsp;&nbsp; etat<\/p>\n\n\n\n<p>\u25cb&nbsp;&nbsp;&nbsp; partis politiques<\/p>\n\n\n\n<p>\u25cb&nbsp;&nbsp;&nbsp; organisations de jeunes et de femmes<\/p>\n\n\n\n<p>\u25cb&nbsp;&nbsp;&nbsp; acteurs de la presse<\/p>\n\n\n\n<p>\u25cb&nbsp;&nbsp;&nbsp; sp\u00e9cialistes en digital et informatique<\/p>\n\n\n\n<p>\u25cb&nbsp;&nbsp;&nbsp; juristes<\/p>\n\n\n\n<p>\u25cb&nbsp;&nbsp;&nbsp; FAI<\/p>\n\n\n\n<p>\u25cf&nbsp;&nbsp;&nbsp; Coop\u00e9ration entre les autorit\u00e9s de r\u00e9gulation et la presse en ligne<\/p>\n\n\n\n<p>\u25cf&nbsp;&nbsp;&nbsp; Coop\u00e9ration entre les autorit\u00e9s de r\u00e9gulation et GAFAM<\/p>\n\n\n\n<p>\u25cf&nbsp;&nbsp;&nbsp; Definir le perimetre d\u2019intervention et encadrer la notion de \u00ab&nbsp;D\u00e9rives&nbsp;\u00bb<\/p>\n\n\n\n<p>\u25cf&nbsp;&nbsp;&nbsp; Donner un pouvoir \u00e0 l\u2019autorit\u00e9 ind\u00e9pendante<\/p>\n\n\n\n<p>\u25cf&nbsp;&nbsp;&nbsp; Cr\u00e9er une plateforme de travail de l\u2019Autorit\u00e9 avec un interface client\/usager et les boutons d\u2019action<\/p>\n\n\n\n<p>\u25cf&nbsp;&nbsp;&nbsp; Aller dans une d\u00e9marche africaine ou sous-r\u00e9gionale et dans le temps pour la Coop\u00e9ration avec les GAFAM<\/p>\n\n\n\n<p>Quels types de sanctions faut-il pr\u00e9voir ?<br>\u25cf&nbsp;&nbsp;&nbsp; Retrait des contenus incrimin\u00e9s<\/p>\n\n\n\n<p>\u25cf&nbsp;&nbsp;&nbsp; Amendes et sanctions financi\u00e8res<\/p>\n\n\n\n<p>\u25cf&nbsp;&nbsp;&nbsp; Blocage et restrictions de plateformes en ligne<\/p>\n\n\n\n<p>\u25cf&nbsp;&nbsp;&nbsp; Peines de prison<\/p>\n\n\n\n<p>\u25cf&nbsp;&nbsp;&nbsp; Autres<\/p>\n\n\n\n<p><strong>Par Aboubacar Sadikh Ndiaye<\/strong><br>Consultant en Strat\u00e9gie de transformation Digitale\/IA<br>Executive Certificate Big Data HEC Paris<br>Auteur du livre Langage digital<br>omega.intell@gmail<\/p>\n\n\n\n<p><\/p>\n","protected":false},"excerpt":{"rendered":"<p>Partout dans le monde les mutations des usages apparues avec internet soul\u00e8vent plusieurs interrogations dont la r\u00e9gulation du cyberespace. Les<\/p>\n","protected":false},"author":1,"featured_media":13240,"comment_status":"open","ping_status":"open","sticky":false,"template":"","format":"standard","meta":{"footnotes":""},"categories":[21],"tags":[],"class_list":["post-54239","post","type-post","status-publish","format-standard","has-post-thumbnail","hentry","category-societe"],"_links":{"self":[{"href":"https:\/\/dekkbi.com\/index.php?rest_route=\/wp\/v2\/posts\/54239","targetHints":{"allow":["GET"]}}],"collection":[{"href":"https:\/\/dekkbi.com\/index.php?rest_route=\/wp\/v2\/posts"}],"about":[{"href":"https:\/\/dekkbi.com\/index.php?rest_route=\/wp\/v2\/types\/post"}],"author":[{"embeddable":true,"href":"https:\/\/dekkbi.com\/index.php?rest_route=\/wp\/v2\/users\/1"}],"replies":[{"embeddable":true,"href":"https:\/\/dekkbi.com\/index.php?rest_route=%2Fwp%2Fv2%2Fcomments&post=54239"}],"version-history":[{"count":1,"href":"https:\/\/dekkbi.com\/index.php?rest_route=\/wp\/v2\/posts\/54239\/revisions"}],"predecessor-version":[{"id":54240,"href":"https:\/\/dekkbi.com\/index.php?rest_route=\/wp\/v2\/posts\/54239\/revisions\/54240"}],"wp:featuredmedia":[{"embeddable":true,"href":"https:\/\/dekkbi.com\/index.php?rest_route=\/wp\/v2\/media\/13240"}],"wp:attachment":[{"href":"https:\/\/dekkbi.com\/index.php?rest_route=%2Fwp%2Fv2%2Fmedia&parent=54239"}],"wp:term":[{"taxonomy":"category","embeddable":true,"href":"https:\/\/dekkbi.com\/index.php?rest_route=%2Fwp%2Fv2%2Fcategories&post=54239"},{"taxonomy":"post_tag","embeddable":true,"href":"https:\/\/dekkbi.com\/index.php?rest_route=%2Fwp%2Fv2%2Ftags&post=54239"}],"curies":[{"name":"wp","href":"https:\/\/api.w.org\/{rel}","templated":true}]}}