{"id":54196,"date":"2025-04-01T11:10:17","date_gmt":"2025-04-01T11:10:17","guid":{"rendered":"https:\/\/dekkbi.com\/?p=54196"},"modified":"2025-04-01T11:18:34","modified_gmt":"2025-04-01T11:18:34","slug":"algerie-les-presidents-francais-et-algerien-relancent-la-relation-bilaterale","status":"publish","type":"post","link":"https:\/\/dekkbi.com\/?p=54196","title":{"rendered":"Macron et Tebboune relancent la relation bilat\u00e9rale"},"content":{"rendered":"\n<p>Les pr\u00e9sidents fran\u00e7ais et alg\u00e9rien se sont entretenus par t\u00e9l\u00e9phone, lundi 31 mars. Selon le communiqu\u00e9 conjoint, Emmanuel Macron et Abdelmadjid Tebboune ont eu un \u00ab&nbsp;lo<em>ng \u00e9change, franc et amical<\/em>&nbsp;\u00bb, de quoi relancer la relation bilat\u00e9rale de mani\u00e8re apais\u00e9e, apr\u00e8s plus de six mois de crise entre Alger et Paris. Le communiqu\u00e9 ne mentionne pas le Sahara occidental, \u00e0 l\u2019origine de cette crise, mais Paris et Alger affichent leur volont\u00e9 de reprendre la coop\u00e9ration.<\/p>\n\n\n\n<p>\u00ab&nbsp;<em>Esprit d&rsquo;amiti\u00e9<\/em>&nbsp;\u00bb, de \u00ab&nbsp;<em>r\u00e9conciliation<\/em>&nbsp;\u00bb et \u00ab&nbsp;<em>refondation de la relation<\/em>&nbsp;\u00bb, le communiqu\u00e9 conjoint affiche la volont\u00e9 d&rsquo;apaisement entre les deux pays et met en avant plusieurs chantiers tels que le renforcement de la coop\u00e9ration s\u00e9curitaire et surtout migratoire.&nbsp;<\/p>\n\n\n\n<p>Les pr\u00e9sidents ont act\u00e9 la visite prochaine, \u00e0 Alger, du ministre fran\u00e7ais de la Justice, G\u00e9rald Darmanin. Rappelons que l\u2019expulsion d&rsquo;influenceurs alg\u00e9riens avait \u00e9t\u00e9 au c\u0153ur de la brouille diplomatique entre les deux pays. G\u00e9rald Darmanin s&rsquo;\u00e9tait impliqu\u00e9 personnellement.<\/p>\n\n\n\n<p>Sur le plan de la coop\u00e9ration \u00e9conomique, la\u00a0<strong>France<\/strong>\u00a0annonce soutenir l\u2019<strong>Alg\u00e9rie<\/strong>\u00a0dans sa ren\u00e9gociation des accords d\u2019association avec l\u2019Union europ\u00e9enne.<\/p>\n\n\n\n<p>Autre annonce majeure du communiqu\u00e9, celle de la reprise \u00ab&nbsp;<em>sans d\u00e9lai&nbsp;<\/em>\u00bb des travaux de la commission mixte des historiens qui travaillent sur la conqu\u00eate coloniale de la France en Alg\u00e9rie. Ils doivent se r\u00e9unir prochainement en France et rendre leurs conclusions aux deux chefs de l\u2019\u00c9tat, d&rsquo;ici \u00e0 l&rsquo;\u00e9t\u00e9 2025.<\/p>\n\n\n\n<p>Enfin, concernant l&rsquo;\u00e9crivain franco-alg\u00e9rien emprisonn\u00e9 en Alg\u00e9rie<strong>\u00a0Boualem Sansal<\/strong>,\u00a0<strong>Emmanuel Macron<\/strong>\u00a0a r\u00e9it\u00e9r\u00e9 son appel au pr\u00e9sident\u00a0<strong>Abdelmadjid Tebboune<\/strong>\u00a0\u00e0 \u00ab\u00a0<em>un geste de cl\u00e9mence<\/em>\u00a0\u00bb. Autant de sujets qui seront abord\u00e9s lors de la visite de Jean-No\u00ebl Barrot \u00e0 Alger. D&rsquo;apr\u00e8s le communiqu\u00e9, le ministre fran\u00e7ais de l&rsquo;Europe et des Affaires \u00e9trang\u00e8res rencontrera son homologue, dimanche 6 avril.<\/p>\n\n\n\n<p>Les deux chefs de l&rsquo;\u00c9tat ont \u00e9galement&nbsp;<em>\u00ab arr\u00eat\u00e9 le principe d\u2019une rencontre prochaine<\/em>&nbsp;\u00bb.<\/p>\n\n\n\n<p>SOURCE RFI.FR<\/p>\n","protected":false},"excerpt":{"rendered":"<p>Les pr\u00e9sidents fran\u00e7ais et alg\u00e9rien se sont entretenus par t\u00e9l\u00e9phone, lundi 31 mars. Selon le communiqu\u00e9 conjoint, Emmanuel Macron et<\/p>\n","protected":false},"author":1,"featured_media":54197,"comment_status":"open","ping_status":"open","sticky":false,"template":"","format":"standard","meta":{"footnotes":""},"categories":[51],"tags":[],"class_list":["post-54196","post","type-post","status-publish","format-standard","has-post-thumbnail","hentry","category-general"],"_links":{"self":[{"href":"https:\/\/dekkbi.com\/index.php?rest_route=\/wp\/v2\/posts\/54196","targetHints":{"allow":["GET"]}}],"collection":[{"href":"https:\/\/dekkbi.com\/index.php?rest_route=\/wp\/v2\/posts"}],"about":[{"href":"https:\/\/dekkbi.com\/index.php?rest_route=\/wp\/v2\/types\/post"}],"author":[{"embeddable":true,"href":"https:\/\/dekkbi.com\/index.php?rest_route=\/wp\/v2\/users\/1"}],"replies":[{"embeddable":true,"href":"https:\/\/dekkbi.com\/index.php?rest_route=%2Fwp%2Fv2%2Fcomments&post=54196"}],"version-history":[{"count":2,"href":"https:\/\/dekkbi.com\/index.php?rest_route=\/wp\/v2\/posts\/54196\/revisions"}],"predecessor-version":[{"id":54203,"href":"https:\/\/dekkbi.com\/index.php?rest_route=\/wp\/v2\/posts\/54196\/revisions\/54203"}],"wp:featuredmedia":[{"embeddable":true,"href":"https:\/\/dekkbi.com\/index.php?rest_route=\/wp\/v2\/media\/54197"}],"wp:attachment":[{"href":"https:\/\/dekkbi.com\/index.php?rest_route=%2Fwp%2Fv2%2Fmedia&parent=54196"}],"wp:term":[{"taxonomy":"category","embeddable":true,"href":"https:\/\/dekkbi.com\/index.php?rest_route=%2Fwp%2Fv2%2Fcategories&post=54196"},{"taxonomy":"post_tag","embeddable":true,"href":"https:\/\/dekkbi.com\/index.php?rest_route=%2Fwp%2Fv2%2Ftags&post=54196"}],"curies":[{"name":"wp","href":"https:\/\/api.w.org\/{rel}","templated":true}]}}