{"id":54191,"date":"2025-04-01T10:52:17","date_gmt":"2025-04-01T10:52:17","guid":{"rendered":"https:\/\/dekkbi.com\/?p=54191"},"modified":"2025-04-01T11:19:06","modified_gmt":"2025-04-01T11:19:06","slug":"condamnation-de-marine-le-pen-un-seisme-pour-lextreme-droite-et-la-presidentielle-2027","status":"publish","type":"post","link":"https:\/\/dekkbi.com\/?p=54191","title":{"rendered":"France: un s\u00e9isme pour l\u2019extr\u00eame droite et la pr\u00e9sidentielle 2027"},"content":{"rendered":"\n<p>En France, l&rsquo;extr\u00eame droite est sonn\u00e9e au lendemain de la condamnation de Marine Le Pen.&nbsp;La cheffe de file du Rassemblement national (RN) \u00e9cope notamment de cinq ans d&rsquo;in\u00e9ligibilit\u00e9, avec effet imm\u00e9diat, pour d\u00e9tournement de fonds publics. La d\u00e9cision de la justice a \u00e9t\u00e9 rendue lundi 31 mars, dans le cadre du proc\u00e8s sur les assistants parlementaires europ\u00e9ens du RN \u2013 connu alors sous le nom de Front national.<\/p>\n\n\n\n<p>En plus de ces cinq ans d&rsquo;in\u00e9ligibilit\u00e9, Marine Le Pen \u00e9cope aussi de\u00a0<strong>quatre ans de prison dont deux ferme<\/strong>, am\u00e9nageable avec un bracelet \u00e9lectronique, ainsi que 100 000 euros d&rsquo;amende. D&rsquo;autres membres de son parti ont aussi \u00e9t\u00e9 condamn\u00e9s.\u00a0<\/p>\n\n\n\n<p>Elle ne peut donc pas se pr\u00e9senter \u00e0 la prochaine pr\u00e9sidentielle, elle qui avait pourtant toutes ses chances : selon les sondages, si le premier tour avait lieu maintenant, elle serait en t\u00eate.&nbsp;La cheffe du RN a fait appel et demande \u00e0 ce qu&rsquo;elle soit jug\u00e9e en appel, avant le scrutin de 2027, un court d\u00e9lai.&nbsp;<\/p>\n\n\n\n<p><strong>Marine Le Pen<\/strong>, qui n&rsquo;a pas \u00e9cout\u00e9 jusqu&rsquo;au bout l&rsquo;\u00e9nonc\u00e9 de sa peine, a ensuite d\u00e9nonc\u00e9 une d\u00e9cision \u00ab\u00a0<em>politique<\/em>\u00a0\u00bb.<\/p>\n\n\n\n<p>R\u00e9\u00e9coutez notre \u00e9dition sp\u00e9ciale pr\u00e9sent\u00e9e par&nbsp;<strong>Marion Cazanove<\/strong>&nbsp;avec notre invit\u00e9&nbsp;<strong>Erwan Lec\u0153ur<\/strong>, sociologue et politologue, sp\u00e9cialiste de l&rsquo;extr\u00eame droite, et les reportages de notre envoy\u00e9 sp\u00e9cial \u00e0 H\u00e9nin-Beaumont,&nbsp;<strong>Victorien Willaume<\/strong>&nbsp;et de notre correspondant \u00e0 Washington,&nbsp;<strong>Guillaume Naudin<\/strong>.<\/p>\n\n\n\n<p>R\u00e9\u00e9coutez notre \u00e9dition sp\u00e9ciale pr\u00e9sent\u00e9e par&nbsp;<strong>Marion Cazanove<\/strong>&nbsp;avec la cheffe du service politique de RFI,&nbsp;<strong>Val\u00e9rie Gas<\/strong>&nbsp;et nos correspondants \u00e0 Rome,&nbsp;<strong>Anne Le Nir<\/strong>&nbsp;et \u00e0 Berlin,&nbsp;<strong>Pascal Thibaut<\/strong>.<\/p>\n\n\n\n<p>SOURCE RFI.FR<\/p>\n","protected":false},"excerpt":{"rendered":"<p>En France, l&rsquo;extr\u00eame droite est sonn\u00e9e au lendemain de la condamnation de Marine Le Pen.&nbsp;La cheffe de file du Rassemblement<\/p>\n","protected":false},"author":1,"featured_media":47118,"comment_status":"open","ping_status":"open","sticky":false,"template":"","format":"standard","meta":{"footnotes":""},"categories":[51],"tags":[],"class_list":["post-54191","post","type-post","status-publish","format-standard","has-post-thumbnail","hentry","category-general"],"_links":{"self":[{"href":"https:\/\/dekkbi.com\/index.php?rest_route=\/wp\/v2\/posts\/54191","targetHints":{"allow":["GET"]}}],"collection":[{"href":"https:\/\/dekkbi.com\/index.php?rest_route=\/wp\/v2\/posts"}],"about":[{"href":"https:\/\/dekkbi.com\/index.php?rest_route=\/wp\/v2\/types\/post"}],"author":[{"embeddable":true,"href":"https:\/\/dekkbi.com\/index.php?rest_route=\/wp\/v2\/users\/1"}],"replies":[{"embeddable":true,"href":"https:\/\/dekkbi.com\/index.php?rest_route=%2Fwp%2Fv2%2Fcomments&post=54191"}],"version-history":[{"count":2,"href":"https:\/\/dekkbi.com\/index.php?rest_route=\/wp\/v2\/posts\/54191\/revisions"}],"predecessor-version":[{"id":54204,"href":"https:\/\/dekkbi.com\/index.php?rest_route=\/wp\/v2\/posts\/54191\/revisions\/54204"}],"wp:featuredmedia":[{"embeddable":true,"href":"https:\/\/dekkbi.com\/index.php?rest_route=\/wp\/v2\/media\/47118"}],"wp:attachment":[{"href":"https:\/\/dekkbi.com\/index.php?rest_route=%2Fwp%2Fv2%2Fmedia&parent=54191"}],"wp:term":[{"taxonomy":"category","embeddable":true,"href":"https:\/\/dekkbi.com\/index.php?rest_route=%2Fwp%2Fv2%2Fcategories&post=54191"},{"taxonomy":"post_tag","embeddable":true,"href":"https:\/\/dekkbi.com\/index.php?rest_route=%2Fwp%2Fv2%2Ftags&post=54191"}],"curies":[{"name":"wp","href":"https:\/\/api.w.org\/{rel}","templated":true}]}}