{"id":54153,"date":"2025-04-01T09:58:11","date_gmt":"2025-04-01T09:58:11","guid":{"rendered":"https:\/\/dekkbi.com\/?p=54153"},"modified":"2025-04-01T09:58:11","modified_gmt":"2025-04-01T09:58:11","slug":"levee-de-fonds-de-150-milliards-de-fcfa-lengagement-patriotique-en-marche","status":"publish","type":"post","link":"https:\/\/dekkbi.com\/?p=54153","title":{"rendered":"Lev\u00e9e de fonds de 150 milliards de FCFA: l\u2019engagement patriotique en marche !"},"content":{"rendered":"\n<p><strong>Le vendredi 28 mars 2025, le S\u00e9n\u00e9gal a officiellement lanc\u00e9 une op\u00e9ration de mobilisation de fonds d\u2019un montant de 150 milliards de francs CFA, destin\u00e9e au financement des investissements inscrits dans le budget national. Par cette initiative, la Soci\u00e9t\u00e9 G\u00e9n\u00e9rale S\u00e9n\u00e9gal (SGS) encourage l\u2019\u00c9tat \u00e0 \u00e9riger l\u2019emprunt obligataire en un v\u00e9ritable levier de citoyennet\u00e9 \u00e9conomique et de solidarit\u00e9 nationale.<\/strong><\/p>\n\n\n\n<p>Dans un contexte marqu\u00e9 par la rar\u00e9faction des ressources financi\u00e8res et la n\u00e9cessit\u00e9 imp\u00e9rieuse de diversifier les sources de financement, cette \u00e9mission obligataire constitue un axe strat\u00e9gique majeur visant \u00e0 renforcer l\u2019autonomie budg\u00e9taire du pays. Tout en reconnaissant la complexit\u00e9 du cadre \u00e9conomique actuel, le Minist\u00e8re des Finances et du Budget (MFB) assure que la situation demeure ma\u00eetris\u00e9e, gr\u00e2ce \u00e0 une politique rigoureuse de gestion des finances publiques. Les conclusions des audits financiers et les recommandations de la Cour des comptes soulignent l\u2019urgence d\u2019une action concert\u00e9e en vue de redresser durablement l\u2019\u00e9conomie nationale et de l\u2019orienter vers une trajectoire de croissance soutenue. \u00c0 cet \u00e9gard, cette lev\u00e9e de fonds offre aux citoyens et aux acteurs \u00e9conomiques une occasion unique de participer activement au d\u00e9veloppement du S\u00e9n\u00e9gal, en contribuant directement \u00e0 la concr\u00e9tisation de projets structurants. Cette mobilisation rev\u00eat une dimension strat\u00e9gique d\u2019autant plus significative qu\u2019elle intervient \u00e0 l\u2019aube de l\u2019exploitation des ressources gazi\u00e8res et p\u00e9troli\u00e8res du pays. Plus qu\u2019une simple op\u00e9ration financi\u00e8re, elle s\u2019affirme comme un acte de foi en l\u2019avenir du S\u00e9n\u00e9gal, illustrant une ambition de souverainet\u00e9 \u00e9conomique et un engagement patriotique sans faille.<\/p>\n\n\n\n<p><strong>Un placement s\u00e9curis\u00e9 et avantageux<\/strong><\/p>\n\n\n\n<p>Interrog\u00e9 sur le choix du march\u00e9 local comme cadre privil\u00e9gi\u00e9 de cette \u00e9mission obligataire, M. Alioune Diouf, directeur de la dette publique, a mis en exergue la volont\u00e9 des autorit\u00e9s de diversifier les sources de financement tout en consolidant le march\u00e9 financier national. \u00ab La lib\u00e9ration de ces titres en francs CFA permet d\u2019att\u00e9nuer les risques inh\u00e9rents aux fluctuations des devises et d\u2019assurer ainsi une plus grande stabilit\u00e9 financi\u00e8re \u00bb, a-t-il affirm\u00e9. Cette initiative offre aux investisseurs plusieurs avantages notables : Une rentabilit\u00e9 optimis\u00e9e, avec des rendements comp\u00e9titifs sur le long terme ; une exon\u00e9ration fiscale, garantissant aux souscripteurs s\u00e9n\u00e9galais un rendement net particuli\u00e8rement attractif ; une liquidit\u00e9 garantie, les titres \u00e9tant librement n\u00e9gociables sur le march\u00e9 secondaire et \u00e9ligibles au refinancement aupr\u00e8s de la Banque centrale. L\u2019ambition affich\u00e9e est de susciter une adh\u00e9sion massive de la population et des acteurs \u00e9conomiques \u00e0 cette dynamique de financement participatif. Banques, soci\u00e9t\u00e9s de gestion et d\u2019interm\u00e9diation, compagnies d\u2019assurance et investisseurs individuels sont ainsi convi\u00e9s \u00e0 s\u2019associer \u00e0 cette initiative qui, au-del\u00e0 d\u2019un placement financier avantageux, s\u2019inscrit dans une d\u00e9marche de solidarit\u00e9 et de r\u00e9silience nationale.<\/p>\n\n\n\n<p><strong>Vers une autonomie financi\u00e8re renforc\u00e9e<\/strong><\/p>\n\n\n\n<p>S\u2019exprimant sur la cr\u00e9dibilit\u00e9 financi\u00e8re du S\u00e9n\u00e9gal, M. Diouf a rappel\u00e9 que le pays b\u00e9n\u00e9ficie d\u2019une r\u00e9putation solide aupr\u00e8s des investisseurs, comme en t\u00e9moignent le succ\u00e8s de ses \u00e9missions pr\u00e9c\u00e9dentes sur le march\u00e9 mon\u00e9taire. Par ailleurs, la mise en \u0153uvre de r\u00e9formes structurelles en mati\u00e8re budg\u00e9taire et institutionnelle contribuera \u00e0 renforcer la gouvernance financi\u00e8re et \u00e0 consolider la confiance des partenaires \u00e9conomiques.<\/p>\n\n\n\n<p>Concernant les relations avec les bailleurs de fonds internationaux, le directeur de la dette publique a tenu \u00e0 pr\u00e9ciser que cette lev\u00e9e de fonds ne vise nullement \u00e0 supplanter les financements ext\u00e9rieurs, mais plut\u00f4t \u00e0 diversifier les sources de financement du pays. Le S\u00e9n\u00e9gal demeure ainsi r\u00e9solument ouvert aux opportunit\u00e9s qui s\u2019alignent avec sa strat\u00e9gie d\u2019endettement et qui permettent une optimisation des co\u00fbts et des risques financiers.<\/p>\n\n\n\n<p><strong>Un appel \u00e0 la mobilisation nationale<\/strong><\/p>\n\n\n\n<p>Cette initiative historique t\u00e9moigne de la volont\u00e9 in\u00e9branlable des autorit\u00e9s s\u00e9n\u00e9galaises de b\u00e2tir une \u00e9conomie plus r\u00e9siliente et inclusive, en conf\u00e9rant aux citoyens la possibilit\u00e9 de jouer un r\u00f4le central dans la dynamique de d\u00e9veloppement du pays. Dans cette perspective, M. Diouf a lanc\u00e9 un vibrant appel \u00e0 la mobilisation de l\u2019ensemble des S\u00e9n\u00e9galais : \u00ab Nous convions chaque citoyen, selon ses capacit\u00e9s contributives, \u00e0 s\u2019engager dans cette entreprise de solidarit\u00e9 nationale. Il s\u2019agit de r\u00e9unir les ressources n\u00e9cessaires pour concr\u00e9tiser des projets structurants inscrits dans la loi de finances 2025, notamment dans les domaines des infrastructures, de la sant\u00e9, de l\u2019\u00e9ducation et de l\u2019am\u00e9lioration du cadre de vie. \u00bb Cette lev\u00e9e de fonds constitue ainsi une \u00e9tape d\u00e9cisive vers la consolidation de la souverainet\u00e9 \u00e9conomique du S\u00e9n\u00e9gal et l\u2019instauration d\u2019un avenir prosp\u00e8re pour les g\u00e9n\u00e9rations futures.<\/p>\n\n\n\n<p><strong>\u00a0JEAN PIERRE MALOU\u00a0\u00a0\u00a0<\/strong><br>SUDQUOTIDIEN<\/p>\n","protected":false},"excerpt":{"rendered":"<p>Le vendredi 28 mars 2025, le S\u00e9n\u00e9gal a officiellement lanc\u00e9 une op\u00e9ration de mobilisation de fonds d\u2019un montant de 150<\/p>\n","protected":false},"author":1,"featured_media":54154,"comment_status":"open","ping_status":"open","sticky":false,"template":"","format":"standard","meta":{"footnotes":""},"categories":[3],"tags":[],"class_list":["post-54153","post","type-post","status-publish","format-standard","has-post-thumbnail","hentry","category-event-more-news"],"_links":{"self":[{"href":"https:\/\/dekkbi.com\/index.php?rest_route=\/wp\/v2\/posts\/54153","targetHints":{"allow":["GET"]}}],"collection":[{"href":"https:\/\/dekkbi.com\/index.php?rest_route=\/wp\/v2\/posts"}],"about":[{"href":"https:\/\/dekkbi.com\/index.php?rest_route=\/wp\/v2\/types\/post"}],"author":[{"embeddable":true,"href":"https:\/\/dekkbi.com\/index.php?rest_route=\/wp\/v2\/users\/1"}],"replies":[{"embeddable":true,"href":"https:\/\/dekkbi.com\/index.php?rest_route=%2Fwp%2Fv2%2Fcomments&post=54153"}],"version-history":[{"count":1,"href":"https:\/\/dekkbi.com\/index.php?rest_route=\/wp\/v2\/posts\/54153\/revisions"}],"predecessor-version":[{"id":54155,"href":"https:\/\/dekkbi.com\/index.php?rest_route=\/wp\/v2\/posts\/54153\/revisions\/54155"}],"wp:featuredmedia":[{"embeddable":true,"href":"https:\/\/dekkbi.com\/index.php?rest_route=\/wp\/v2\/media\/54154"}],"wp:attachment":[{"href":"https:\/\/dekkbi.com\/index.php?rest_route=%2Fwp%2Fv2%2Fmedia&parent=54153"}],"wp:term":[{"taxonomy":"category","embeddable":true,"href":"https:\/\/dekkbi.com\/index.php?rest_route=%2Fwp%2Fv2%2Fcategories&post=54153"},{"taxonomy":"post_tag","embeddable":true,"href":"https:\/\/dekkbi.com\/index.php?rest_route=%2Fwp%2Fv2%2Ftags&post=54153"}],"curies":[{"name":"wp","href":"https:\/\/api.w.org\/{rel}","templated":true}]}}