{"id":54150,"date":"2025-04-01T09:53:24","date_gmt":"2025-04-01T09:53:24","guid":{"rendered":"https:\/\/dekkbi.com\/?p=54150"},"modified":"2025-04-01T09:59:25","modified_gmt":"2025-04-01T09:59:25","slug":"korite-2025-karim-wade-appelle-a-lunite-nationale-et-a-un-sursaut-collectif","status":"publish","type":"post","link":"https:\/\/dekkbi.com\/?p=54150","title":{"rendered":"Korit\u00e9 2025 : Karim Wade appelle \u00e0 l\u2019unit\u00e9 nationale et \u00e0 un \u00ab sursaut collectif \u00bb"},"content":{"rendered":"\n<p><a href=\"https:\/\/lesoleil.sn\/wp-content\/uploads\/2025\/04\/Karim-Wade.jpg\"><\/a>\u00c0 l\u2019occasion de la f\u00eate de l\u2019A\u00efd el-Fitr, Karim Wade a adress\u00e9 un message fort aux S\u00e9n\u00e9galais. Dans son discours, le responsable du PDS a insist\u00e9 sur la n\u00e9cessit\u00e9 de d\u00e9passer les clivages politiques et d\u2019apporter des solutions concr\u00e8tes aux d\u00e9fis \u00e9conomiques et sociaux qui secouent le pays.<\/p>\n\n\n\n<p><strong>Un appel \u00e0 la paix et \u00e0 la fraternit\u00e9<\/strong><\/p>\n\n\n\n<p>Dans son message, Karim Wade a tenu \u00e0 adresser ses v\u0153ux \u00e0 tous les S\u00e9n\u00e9galais, rappelant que cette p\u00e9riode de Korit\u00e9 co\u00efncide une fois de plus avec le car\u00eame chr\u00e9tien, renfor\u00e7ant ainsi le symbole de fraternit\u00e9 interreligieuse au S\u00e9n\u00e9gal. \u00ab En cette fin du mois b\u00e9ni de Ramadan, qui a co\u00efncid\u00e9 comme l\u2019ann\u00e9e derni\u00e8re avec le car\u00eame pour nos compatriotes chr\u00e9tiens, je voudrais adresser \u00e0 chacun et chacune de vous mes v\u0153ux les plus sinc\u00e8res de paix, de sant\u00e9 et de prosp\u00e9rit\u00e9. \u00bb Il a mis en avant les valeurs du je\u00fbne, qu\u2019il soit musulman ou chr\u00e9tien, soulignant qu\u2019il enseigne la patience, l\u2019humilit\u00e9 et la solidarit\u00e9, des vertus essentielles en ces temps de difficult\u00e9s \u00e9conomiques.<\/p>\n\n\n\n<p><strong>L\u2019urgence d\u2019un sursaut collectif<\/strong><\/p>\n\n\n\n<p>Karim Wade a alert\u00e9 sur la gravit\u00e9 de la situation \u00e9conomique du pays, affirmant que le simple constat ne suffit plus et que des actions rapides et efficaces sont n\u00e9cessaires. \u00ab Les nouvelles Autorit\u00e9s ont trouv\u00e9 une situation \u00e9conomique catastrophique. Elles l\u2019ont reconnu. Ce constat ne suffit plus. Le peuple s\u00e9n\u00e9galais attend des solutions concr\u00e8tes, rapides et durables. \u00bb Il a particuli\u00e8rement insist\u00e9 sur la pression fiscale qui p\u00e8se sur les m\u00e9nages et les entreprises, appelant \u00e0 des r\u00e9formes urgentes pour all\u00e9ger ce fardeau et lutter contre la pr\u00e9carit\u00e9.<\/p>\n\n\n\n<p>Face aux tensions politiques et sociales, Karim Wade a plaid\u00e9 pour la fin des querelles politiciennes et des divisions, estimant que l\u2019unit\u00e9 nationale est indispensable pour sortir de la crise. \u00ab Dans un contexte aussi difficile, l\u2019unit\u00e9 nationale n\u2019est pas un luxe, mais une n\u00e9cessit\u00e9 vitale. Les querelles politiciennes, les divisions, les invectives doivent cesser. Lorsqu\u2019un pays est au bord du pr\u00e9cipice, la seule r\u00e9action possible est celle du sursaut collectif. \u00bb<\/p>\n\n\n\n<p>En conclusion, il a renouvel\u00e9 sa solidarit\u00e9 envers chaque S\u00e9n\u00e9galais, en particulier les femmes et les jeunes qui, selon lui, font preuve d\u2019une r\u00e9silience exemplaire face aux d\u00e9fis quotidiens. \u00ab Qu\u2019Allah accepte notre je\u00fbne, exauce nos pri\u00e8res et guide notre pays sur le chemin de la paix, de l\u2019unit\u00e9 et du progr\u00e8s. \u00bb Karim Wade cl\u00f4t son message en appelant \u00e0 une mobilisation nationale pour construire un avenir plus stable et prosp\u00e8re pour le S\u00e9n\u00e9gal.<\/p>\n","protected":false},"excerpt":{"rendered":"<p>\u00c0 l\u2019occasion de la f\u00eate de l\u2019A\u00efd el-Fitr, Karim Wade a adress\u00e9 un message fort aux S\u00e9n\u00e9galais. Dans son discours,<\/p>\n","protected":false},"author":1,"featured_media":54156,"comment_status":"open","ping_status":"open","sticky":false,"template":"","format":"standard","meta":{"footnotes":""},"categories":[6],"tags":[],"class_list":["post-54150","post","type-post","status-publish","format-standard","has-post-thumbnail","hentry","category-politics"],"_links":{"self":[{"href":"https:\/\/dekkbi.com\/index.php?rest_route=\/wp\/v2\/posts\/54150","targetHints":{"allow":["GET"]}}],"collection":[{"href":"https:\/\/dekkbi.com\/index.php?rest_route=\/wp\/v2\/posts"}],"about":[{"href":"https:\/\/dekkbi.com\/index.php?rest_route=\/wp\/v2\/types\/post"}],"author":[{"embeddable":true,"href":"https:\/\/dekkbi.com\/index.php?rest_route=\/wp\/v2\/users\/1"}],"replies":[{"embeddable":true,"href":"https:\/\/dekkbi.com\/index.php?rest_route=%2Fwp%2Fv2%2Fcomments&post=54150"}],"version-history":[{"count":1,"href":"https:\/\/dekkbi.com\/index.php?rest_route=\/wp\/v2\/posts\/54150\/revisions"}],"predecessor-version":[{"id":54152,"href":"https:\/\/dekkbi.com\/index.php?rest_route=\/wp\/v2\/posts\/54150\/revisions\/54152"}],"wp:featuredmedia":[{"embeddable":true,"href":"https:\/\/dekkbi.com\/index.php?rest_route=\/wp\/v2\/media\/54156"}],"wp:attachment":[{"href":"https:\/\/dekkbi.com\/index.php?rest_route=%2Fwp%2Fv2%2Fmedia&parent=54150"}],"wp:term":[{"taxonomy":"category","embeddable":true,"href":"https:\/\/dekkbi.com\/index.php?rest_route=%2Fwp%2Fv2%2Fcategories&post=54150"},{"taxonomy":"post_tag","embeddable":true,"href":"https:\/\/dekkbi.com\/index.php?rest_route=%2Fwp%2Fv2%2Ftags&post=54150"}],"curies":[{"name":"wp","href":"https:\/\/api.w.org\/{rel}","templated":true}]}}