{"id":54147,"date":"2025-04-01T09:51:57","date_gmt":"2025-04-01T09:51:57","guid":{"rendered":"https:\/\/dekkbi.com\/?p=54147"},"modified":"2025-04-01T09:51:58","modified_gmt":"2025-04-01T09:51:58","slug":"aid-el-fitr-ou-fin-de-ramadan-2025-1446h-au-senegal-encore-une-korite-deux-celebrations","status":"publish","type":"post","link":"https:\/\/dekkbi.com\/?p=54147","title":{"rendered":"A\u00efd El-fitr ou fin de ramadan 2025 (1446h) au S\u00e9n\u00e9gal: encore une Korit\u00e9, deux c\u00e9l\u00e9brations"},"content":{"rendered":"\n<p><strong>Apr\u00e8s le d\u00e9marrage \u00e0 double vitesse du je\u00fbne du mois b\u00e9ni de Ramadan, la communaut\u00e9 musulmane s\u00e9n\u00e9galaise a c\u00e9l\u00e9br\u00e9 l\u2019A\u00efd el-Fitr ou Korit\u00e9 2025 (1446H) dans la division. Alors qu\u2019une partie des fid\u00e8les a pri\u00e9 le dimanche 30 mars, conform\u00e9ment \u00e0 l\u2019appel de la Coordination des musulmans du S\u00e9n\u00e9gal (CMS) et de l\u2019imam de la grande mosqu\u00e9e Omarienne, Thierno Saydou Nourou Tall, qui ont annonc\u00e9 l\u2019apparition de la nouvelle lune dans plusieurs localit\u00e9s du S\u00e9n\u00e9gal et \u00e0 l\u2019\u00e9tranger, la majorit\u00e9 a c\u00e9l\u00e9br\u00e9 l\u2019A\u00efd el-Fitr hier, lundi 31 mars, sur d\u00e9cision de la Commission nationale de concertation sur le croissant lunaire (CONACOC).<\/strong><\/p>\n\n\n\n<p>Un A\u00efd el-Fitr, deux c\u00e9l\u00e9brations au S\u00e9n\u00e9gal&nbsp;! Les musulmans s\u00e9n\u00e9galais ont f\u00eat\u00e9, cette ann\u00e9e encore, la Korit\u00e9 ou A\u00efd el-Fitr, marquant la fin du je\u00fbne du mois b\u00e9ni de Ramadan 1446H, dans la division, dimanche et lundi. En effet, la Commission nationale de concertation sur le croissant lunaire (CONACOC), qui a si\u00e9g\u00e9 \u00e0 la RTS pour scruter le croissant lunaire avant-hier, dimanche&nbsp; 30 mars 2025, correspondant au 29<sup>e<\/sup>&nbsp;jour de je\u00fbne, donc la&nbsp;<em>\u00abNuit du Doute\u00bb,<\/em>&nbsp;pour cette structure qui a appel\u00e9 \u00e0 d\u00e9marrer le Ramadan le 02 mars dernier, a annonc\u00e9 la c\u00e9l\u00e9bration de l\u2019A\u00efd el-Fitr, hier lundi, au S\u00e9n\u00e9gal.<\/p>\n\n\n\n<p>Dans une d\u00e9claration qu\u2019elle a publi\u00e9e dans ce sens, ladite commission a fait savoir&nbsp;:&nbsp;<em>\u00abApr\u00e8s avoir recueilli toutes les informations venant de nos repr\u00e9sentants qui sont dans les diff\u00e9rentes localit\u00e9s du pays, En accord avec toutes les Familles religieuses du S\u00e9n\u00e9gal, il r\u00e9sulte que le croissant lunaire a \u00e9t\u00e9 aper\u00e7u dans plusieurs localit\u00e9s du pays. Par cons\u00e9quent, le lundi 31 mars 2025, sera le premier jour du mois lunaire de Chawwal\u00bb<\/em>, a d\u00e9clar\u00e9 la CONACOC, invitant \u00e0 la pri\u00e8re des deux rakkats le m\u00eame jour, lundi.<\/p>\n\n\n\n<p>Cependant, une partie des musulmans s\u00e9n\u00e9galais a auparavant c\u00e9l\u00e9br\u00e9 l\u2019A\u00efd el-Fitr la veille dimanche. Elle a ainsi r\u00e9pondu \u00e0 l\u2019appel de Coordination des musulmans du S\u00e9n\u00e9gal (CMS) et de l\u2019imam de la grande mosqu\u00e9e de la famille Omarienne, Thierno Saydou Nourou Tall, qui ont inform\u00e9 de l\u2019apparition du croissant lunaire dans de nombreuses localit\u00e9s du pays \u00e0 l\u2019\u00e9tranger, d\u00e8s samedi soir, 29 mars 2025. Une date correspondant au 29<sup>e<\/sup>&nbsp;jour de je\u00fbne et la&nbsp;<em>\u00abNuit du Doute\u00bb<\/em>&nbsp;pour eux qui ont d\u00e9but\u00e9 le Ramadan le samedi 1<sup>er<\/sup>&nbsp;mars dernier.<\/p>\n\n\n\n<p>D\u2019ailleurs, dans sa d\u00e9claration, la Commission d\u2019observation du croissant lunaire de la CMS qui s\u2019est r\u00e9unie le samedi 29 mars 2025 correspondant au 29 Ramadan 1446 H pour scruter la lune renseigne&nbsp;:&nbsp;<em>\u00abApr\u00e8s avoir recueilli les informations en provenance de ses correspondants nationaux et internationaux, la commission vous informe que la lune a \u00e9t\u00e9 aper\u00e7ue au S\u00e9n\u00e9gal \u00e0 Agnam Ouro Cir\u00e9 (Matam), \u00e0 Ngane (Kaolack), \u00e0 A\u00efdara (Toubacouta), Ndiawagne Ndiaye (K\u0117b\u00e9mer)\u00bb,<\/em>&nbsp;indique-t-elle.<\/p>\n\n\n\n<p><strong>KORITE DANS LE RESTE DU MONDE<\/strong><\/p>\n\n\n\n<p>Dans la sous-r\u00e9gion ouste africaine et dans le monde, la commission de la CMS indique que le croissant a \u00e9t\u00e9 \u00e9galement aper\u00e7u en C\u00f4te d\u2019Ivoire, au Mali, en Guin\u00e9e, au Cameroun, en Ethiopie, au Tchad, en Arabie Saoudite, au Qatar, aux Emirats Arabes Unis\u2026<em>&nbsp;\u00abPar cons\u00e9quent, le dimanche 30 mars 2025 sera le 1<sup>er<\/sup>&nbsp;du mois lunaire \u201dChawwal\u201d, 1446 \u041d, correspondant \u00e0 l\u2019A\u00efd el-Fitr\u00bb,&nbsp;<\/em>note cette source.<\/p>\n\n\n\n<p>Dans le reste du monde, \u00e0 l\u2019image du Royaume saoudien, des Emirats Arabes Unis et plusieurs pays du Golfe, l\u2019Egypte, la France, l\u2019Espagne, l\u2019Italie, etc. ont c\u00e9l\u00e9br\u00e9 l\u2019A\u00efd el-Fitr avant-hier dimanche. Par contre, pour le Maroc, la Malaisie, le sultanat de Brunei, l\u2019Indon\u00e9sie et l\u2019Australie, les autorit\u00e9s ont officiellement d\u00e9clar\u00e9 la c\u00e9l\u00e9bration de l\u2019A\u00efd el-Fitr hier, lundi 31 mars 2025. Seulement, contrairement au S\u00e9n\u00e9gal, dans ces pays dot\u00e9 d\u2019une autorit\u00e9 qui d\u00e9cide de la date \u00e9v\u00e9nements religieux musulmans, les pri\u00e8res des deux rakkats, que ce soit la Korit\u00e9 \u00e0 la Tabaski, se font \u00e0 l\u2019unisson.<\/p>\n\n\n\n<p>A\u00efd el-Fitr est la f\u00eate musulmane marquant la rupture du je\u00fbne du mois b\u00e9ni de Ramadan, quatri\u00e8me pilier de l\u2019Islam. Aussi appel\u00e9e A\u00efd as-Seghir,&nbsp;<em>\u00abla petite f\u00eate\u00bb<\/em>&nbsp;parfois, par opposition \u00e0 l\u2019A\u00efd al-Kebir ou A\u00efd al-Adha (Tabaski),&nbsp;<em>\u00abla grande f\u00eate\u00bb,<\/em>&nbsp;elle est c\u00e9l\u00e9br\u00e9e le premier jour du mois de&nbsp;<em>\u00abChawwal\u00bb.<\/em><\/p>\n\n\n\n<p><strong>Ibrahima DIALLO<\/strong><\/p>\n\n\n\n<p><\/p>\n","protected":false},"excerpt":{"rendered":"<p>Apr\u00e8s le d\u00e9marrage \u00e0 double vitesse du je\u00fbne du mois b\u00e9ni de Ramadan, la communaut\u00e9 musulmane s\u00e9n\u00e9galaise a c\u00e9l\u00e9br\u00e9 l\u2019A\u00efd<\/p>\n","protected":false},"author":1,"featured_media":54148,"comment_status":"open","ping_status":"open","sticky":false,"template":"","format":"standard","meta":{"footnotes":""},"categories":[21],"tags":[],"class_list":["post-54147","post","type-post","status-publish","format-standard","has-post-thumbnail","hentry","category-societe"],"_links":{"self":[{"href":"https:\/\/dekkbi.com\/index.php?rest_route=\/wp\/v2\/posts\/54147","targetHints":{"allow":["GET"]}}],"collection":[{"href":"https:\/\/dekkbi.com\/index.php?rest_route=\/wp\/v2\/posts"}],"about":[{"href":"https:\/\/dekkbi.com\/index.php?rest_route=\/wp\/v2\/types\/post"}],"author":[{"embeddable":true,"href":"https:\/\/dekkbi.com\/index.php?rest_route=\/wp\/v2\/users\/1"}],"replies":[{"embeddable":true,"href":"https:\/\/dekkbi.com\/index.php?rest_route=%2Fwp%2Fv2%2Fcomments&post=54147"}],"version-history":[{"count":1,"href":"https:\/\/dekkbi.com\/index.php?rest_route=\/wp\/v2\/posts\/54147\/revisions"}],"predecessor-version":[{"id":54149,"href":"https:\/\/dekkbi.com\/index.php?rest_route=\/wp\/v2\/posts\/54147\/revisions\/54149"}],"wp:featuredmedia":[{"embeddable":true,"href":"https:\/\/dekkbi.com\/index.php?rest_route=\/wp\/v2\/media\/54148"}],"wp:attachment":[{"href":"https:\/\/dekkbi.com\/index.php?rest_route=%2Fwp%2Fv2%2Fmedia&parent=54147"}],"wp:term":[{"taxonomy":"category","embeddable":true,"href":"https:\/\/dekkbi.com\/index.php?rest_route=%2Fwp%2Fv2%2Fcategories&post=54147"},{"taxonomy":"post_tag","embeddable":true,"href":"https:\/\/dekkbi.com\/index.php?rest_route=%2Fwp%2Fv2%2Ftags&post=54147"}],"curies":[{"name":"wp","href":"https:\/\/api.w.org\/{rel}","templated":true}]}}