{"id":54144,"date":"2025-04-01T09:41:54","date_gmt":"2025-04-01T09:41:54","guid":{"rendered":"https:\/\/dekkbi.com\/?p=54144"},"modified":"2025-04-01T09:54:30","modified_gmt":"2025-04-01T09:54:30","slug":"amadou-ba-laissons-le-gouvernement-travailler","status":"publish","type":"post","link":"https:\/\/dekkbi.com\/?p=54144","title":{"rendered":"Amadou Ba\u00a0: \u00ab\u00a0Laissons le gouvernement travailler\u201d"},"content":{"rendered":"\n<p><a href=\"https:\/\/lesoleil.sn\/wp-content\/uploads\/2025\/03\/Amadou-Ba-1.jpg\"><\/a>Am<strong>adou Ba, sorti deuxi\u00e8me \u00e0 la derni\u00e8re pr\u00e9sidentielle, a r\u00e9apparu lors de la pri\u00e8re de l\u2019A\u00efd El Fitr \u00e0 la Grande Mosqu\u00e9e Omarienne \u00e0 Dakar. Il a exprim\u00e9 sa gratitude envers Dieu pour avoir pu y participer et a invit\u00e9 les S\u00e9n\u00e9galais \u00e0 \u00ab\u00a0laisser le gouvernement travailler\u00a0\u00bb.<\/strong><\/p>\n\n\n\n<p>L\u2019ex-Premier ministre a \u00e9vit\u00e9 de commenter des questions politiques, pr\u00e9cisant qu\u2019il \u00e9tait venu pour prier. Il a formul\u00e9 des pri\u00e8res pour la paix et la prosp\u00e9rit\u00e9 du S\u00e9n\u00e9gal, soulignant la n\u00e9cessit\u00e9 d\u2019unit\u00e9.<\/p>\n\n\n\n<p>Amadou Ba a \u00e9galement insist\u00e9 sur l\u2019importance de s\u00e9parer les moments de campagne \u00e9lectorale de ceux d\u00e9di\u00e9s au travail. Selon lui, il est temps de permettre au gouvernement de se concentrer sur ses responsabilit\u00e9s. \u00ab Il y a un temps pour tout. Le probl\u00e8me que nous avons au S\u00e9n\u00e9gal, c\u2019est que nous passons tout notre temps en campagne \u00e9lectorale. Or, il y a un moment pour \u00e9changer et parler de programme politique. Il y a aussi un moment pour travailler. Je pense que c\u2019est ce moment. Laissons le gouvernement travailler \u00bb, a-t-il notamment d\u00e9clar\u00e9.<\/p>\n\n\n\n<p>Il a conclu en annon\u00e7ant qu\u2019il reviendrait bient\u00f4t pour discuter des pr\u00e9occupations quotidiennes et partager son point de vue sur la situation actuelle du pays.<\/p>\n\n\n\n<p>SOURCE LESOLEIL<\/p>\n","protected":false},"excerpt":{"rendered":"<p>Amadou Ba, sorti deuxi\u00e8me \u00e0 la derni\u00e8re pr\u00e9sidentielle, a r\u00e9apparu lors de la pri\u00e8re de l\u2019A\u00efd El Fitr \u00e0 la<\/p>\n","protected":false},"author":1,"featured_media":54145,"comment_status":"open","ping_status":"open","sticky":false,"template":"","format":"standard","meta":{"footnotes":""},"categories":[6],"tags":[],"class_list":["post-54144","post","type-post","status-publish","format-standard","has-post-thumbnail","hentry","category-politics"],"_links":{"self":[{"href":"https:\/\/dekkbi.com\/index.php?rest_route=\/wp\/v2\/posts\/54144","targetHints":{"allow":["GET"]}}],"collection":[{"href":"https:\/\/dekkbi.com\/index.php?rest_route=\/wp\/v2\/posts"}],"about":[{"href":"https:\/\/dekkbi.com\/index.php?rest_route=\/wp\/v2\/types\/post"}],"author":[{"embeddable":true,"href":"https:\/\/dekkbi.com\/index.php?rest_route=\/wp\/v2\/users\/1"}],"replies":[{"embeddable":true,"href":"https:\/\/dekkbi.com\/index.php?rest_route=%2Fwp%2Fv2%2Fcomments&post=54144"}],"version-history":[{"count":1,"href":"https:\/\/dekkbi.com\/index.php?rest_route=\/wp\/v2\/posts\/54144\/revisions"}],"predecessor-version":[{"id":54146,"href":"https:\/\/dekkbi.com\/index.php?rest_route=\/wp\/v2\/posts\/54144\/revisions\/54146"}],"wp:featuredmedia":[{"embeddable":true,"href":"https:\/\/dekkbi.com\/index.php?rest_route=\/wp\/v2\/media\/54145"}],"wp:attachment":[{"href":"https:\/\/dekkbi.com\/index.php?rest_route=%2Fwp%2Fv2%2Fmedia&parent=54144"}],"wp:term":[{"taxonomy":"category","embeddable":true,"href":"https:\/\/dekkbi.com\/index.php?rest_route=%2Fwp%2Fv2%2Fcategories&post=54144"},{"taxonomy":"post_tag","embeddable":true,"href":"https:\/\/dekkbi.com\/index.php?rest_route=%2Fwp%2Fv2%2Ftags&post=54144"}],"curies":[{"name":"wp","href":"https:\/\/api.w.org\/{rel}","templated":true}]}}