{"id":54141,"date":"2025-04-01T09:37:30","date_gmt":"2025-04-01T09:37:30","guid":{"rendered":"https:\/\/dekkbi.com\/?p=54141"},"modified":"2025-04-01T10:38:17","modified_gmt":"2025-04-01T10:38:17","slug":"discours-de-korite-de-bassirou-diomaye-faye-le-senegal-a-besoin-de-toutes-ses-forces-pour-avancer-dans-lharmonie","status":"publish","type":"post","link":"https:\/\/dekkbi.com\/?p=54141","title":{"rendered":"Discours de Korit\u00e9 de Bassirou Diomaye Faye : \u00abLe S\u00e9n\u00e9gal a besoin de toutes ses forces pour avancer dans l\u2019harmonie \u00bb"},"content":{"rendered":"\n<p>A la fin de la pri\u00e8re de Korite ce lundi \u00e0 la Grande mosqu\u00e9e de Dakar, le pr\u00e9sident Bassirou Diomaye Faye a exhort\u00e9 les S\u00e9n\u00e9galais \u00e0 cultiver des valeurs comme le d\u00e9passement de soi, l\u2019\u00e9coute et la solidarit\u00e9. \u00ab\u00a0Je souhaite \u00e0 toutes les S\u00e9n\u00e9galaises et les S\u00e9n\u00e9galais, et \u00e0 la Oummah islamique une excellente f\u00eate de Korit\u00e9 dans la paix, la sant\u00e9 et l\u2019esp\u00e9rance. Que cette journ\u00e9e de c\u00e9l\u00e9bration soit un moment de ferveur, de joie partag\u00e9e et de renforcement de nos liens familiaux\u00a0\u00bb, a d\u2019abord prononc\u00e9 Diomaye Faye.<\/p>\n\n\n\n<p>Il poursuit : \u00ab\u00a0Le mois de Ramadan nous a rappel\u00e9 l\u2019importance de la foi, de la discipline, du pardon et du partage. Ces vertus sont aussi les piliers d\u2019une R\u00e9publique juste et solidaire. Je rends gr\u00e2ce \u00e0 Dieu de nous avoir permis de vivre ce mois sacr\u00e9 dans la tranquillit\u00e9. Je prie pour que cette f\u00eate soit source de renouveau spirituel et moral pour chacun\u00a0\u00bb, \u00e0 ajout\u00e9 Diomaye Faye, appelant les chefs religieux \u00e0 continuer \u00e0 prier pour le pays.<\/p>\n\n\n\n<p>En ce jour de f\u00eate, le pr\u00e9sident a r\u00e9it\u00e9r\u00e9 son appel \u00e0 l\u2019inclusion dans la gestion du pays. \u00ab&nbsp;En ce jour sacr\u00e9, j\u2019invite tous les citoyens \u00e0 cultiver l\u2019esprit de solidarit\u00e9, d\u2019\u00e9coute et de d\u00e9passement. Le S\u00e9n\u00e9gal a besoin de toutes ses forces pour avancer dans l\u2019harmonie. Continuons \u00e0 b\u00e2tir une nation de paix, de fraternit\u00e9 et d\u2019\u00e9quit\u00e9&nbsp;\u00bb, dit-il.<\/p>\n\n\n\n<p>SOURCE LEQUOTIDIEN<\/p>\n","protected":false},"excerpt":{"rendered":"<p>A la fin de la pri\u00e8re de Korite ce lundi \u00e0 la Grande mosqu\u00e9e de Dakar, le pr\u00e9sident Bassirou Diomaye<\/p>\n","protected":false},"author":1,"featured_media":54183,"comment_status":"open","ping_status":"open","sticky":false,"template":"","format":"standard","meta":{"footnotes":""},"categories":[6],"tags":[],"class_list":["post-54141","post","type-post","status-publish","format-standard","has-post-thumbnail","hentry","category-politics"],"_links":{"self":[{"href":"https:\/\/dekkbi.com\/index.php?rest_route=\/wp\/v2\/posts\/54141","targetHints":{"allow":["GET"]}}],"collection":[{"href":"https:\/\/dekkbi.com\/index.php?rest_route=\/wp\/v2\/posts"}],"about":[{"href":"https:\/\/dekkbi.com\/index.php?rest_route=\/wp\/v2\/types\/post"}],"author":[{"embeddable":true,"href":"https:\/\/dekkbi.com\/index.php?rest_route=\/wp\/v2\/users\/1"}],"replies":[{"embeddable":true,"href":"https:\/\/dekkbi.com\/index.php?rest_route=%2Fwp%2Fv2%2Fcomments&post=54141"}],"version-history":[{"count":1,"href":"https:\/\/dekkbi.com\/index.php?rest_route=\/wp\/v2\/posts\/54141\/revisions"}],"predecessor-version":[{"id":54143,"href":"https:\/\/dekkbi.com\/index.php?rest_route=\/wp\/v2\/posts\/54141\/revisions\/54143"}],"wp:featuredmedia":[{"embeddable":true,"href":"https:\/\/dekkbi.com\/index.php?rest_route=\/wp\/v2\/media\/54183"}],"wp:attachment":[{"href":"https:\/\/dekkbi.com\/index.php?rest_route=%2Fwp%2Fv2%2Fmedia&parent=54141"}],"wp:term":[{"taxonomy":"category","embeddable":true,"href":"https:\/\/dekkbi.com\/index.php?rest_route=%2Fwp%2Fv2%2Fcategories&post=54141"},{"taxonomy":"post_tag","embeddable":true,"href":"https:\/\/dekkbi.com\/index.php?rest_route=%2Fwp%2Fv2%2Ftags&post=54141"}],"curies":[{"name":"wp","href":"https:\/\/api.w.org\/{rel}","templated":true}]}}