{"id":54138,"date":"2025-04-01T09:35:56","date_gmt":"2025-04-01T09:35:56","guid":{"rendered":"https:\/\/dekkbi.com\/?p=54138"},"modified":"2025-04-01T09:35:57","modified_gmt":"2025-04-01T09:35:57","slug":"guinee-29-fideles-arretes-pour-avoir-celebre-laid-el-fitr-lundi","status":"publish","type":"post","link":"https:\/\/dekkbi.com\/?p=54138","title":{"rendered":"Guin\u00e9e : 29 fid\u00e8les arr\u00eat\u00e9s pour avoir c\u00e9l\u00e9br\u00e9 l\u2019A\u00efd El-Fitr lundi"},"content":{"rendered":"\n<p>En Guin\u00e9e, la c\u00e9l\u00e9bration de l\u2019A\u00efd El-Fitr, fix\u00e9e au dimanche 30 mars 2025 par le Secr\u00e9tariat g\u00e9n\u00e9ral des Affaires religieuses, n\u2019a pas \u00e9t\u00e9 suivie par tous les fid\u00e8les. \u00c0 Kour\u00e9mal\u00e9, une localit\u00e9 situ\u00e9e dans la r\u00e9gion de Kankan, un groupe de croyants a d\u00e9cid\u00e9 de c\u00e9l\u00e9brer la f\u00eate le lundi 31 mars, en d\u00e9saccord avec la date officielle.<\/p>\n\n\n\n<p>Dans la matin\u00e9e de lundi, un imam et plusieurs fid\u00e8les ont organis\u00e9 une pri\u00e8re de l\u2019A\u00efd dans une cour situ\u00e9e pr\u00e8s du grand march\u00e9 de Kour\u00e9mal\u00e9. Ce rassemblement, per\u00e7u comme une infraction aux directives officielles, a rapidement attir\u00e9 l\u2019attention des autorit\u00e9s locales.<\/p>\n\n\n\n<p><strong>Un non-respect des directives officielles<\/strong><\/p>\n\n\n\n<p>Inform\u00e9es de la situation, les autorit\u00e9s locales ont ordonn\u00e9 l\u2019intervention des forces de l\u2019ordre. Policiers et gendarmes sont intervenus pour disperser les fid\u00e8les et proc\u00e9der \u00e0 des arrestations. Bilan : 29 personnes interpell\u00e9es. Elles ont \u00e9t\u00e9 transf\u00e9r\u00e9es \u00e0 Siguiri, o\u00f9 elles devront r\u00e9pondre de leur acte devant les enqu\u00eateurs.<\/p>\n\n\n\n<p>Selon les autorit\u00e9s, ces arrestations sont motiv\u00e9es par le fait que les fid\u00e8les ont c\u00e9l\u00e9br\u00e9 l\u2019A\u00efd en dehors du calendrier officiel, ce qui constitue une infraction aux r\u00e8gles \u00e9tablies par le Secr\u00e9tariat g\u00e9n\u00e9ral des Affaires religieuses de Guin\u00e9e. Les personnes arr\u00eat\u00e9es devront expliquer leur d\u00e9cision devant les forces de l\u2019ordre.<\/p>\n\n\n\n<p>Cet incident soul\u00e8ve une fois de plus la question des divergences sur la fixation des dates de c\u00e9l\u00e9brations religieuses en Guin\u00e9e. Chaque ann\u00e9e, des d\u00e9bats \u00e9mergent autour de l\u2019observation du croissant lunaire et du respect des d\u00e9cisions des autorit\u00e9s religieuses.<\/p>\n","protected":false},"excerpt":{"rendered":"<p>En Guin\u00e9e, la c\u00e9l\u00e9bration de l\u2019A\u00efd El-Fitr, fix\u00e9e au dimanche 30 mars 2025 par le Secr\u00e9tariat g\u00e9n\u00e9ral des Affaires religieuses,<\/p>\n","protected":false},"author":1,"featured_media":54139,"comment_status":"open","ping_status":"open","sticky":false,"template":"","format":"standard","meta":{"footnotes":""},"categories":[26],"tags":[],"class_list":["post-54138","post","type-post","status-publish","format-standard","has-post-thumbnail","hentry","category-fait-divers"],"_links":{"self":[{"href":"https:\/\/dekkbi.com\/index.php?rest_route=\/wp\/v2\/posts\/54138","targetHints":{"allow":["GET"]}}],"collection":[{"href":"https:\/\/dekkbi.com\/index.php?rest_route=\/wp\/v2\/posts"}],"about":[{"href":"https:\/\/dekkbi.com\/index.php?rest_route=\/wp\/v2\/types\/post"}],"author":[{"embeddable":true,"href":"https:\/\/dekkbi.com\/index.php?rest_route=\/wp\/v2\/users\/1"}],"replies":[{"embeddable":true,"href":"https:\/\/dekkbi.com\/index.php?rest_route=%2Fwp%2Fv2%2Fcomments&post=54138"}],"version-history":[{"count":1,"href":"https:\/\/dekkbi.com\/index.php?rest_route=\/wp\/v2\/posts\/54138\/revisions"}],"predecessor-version":[{"id":54140,"href":"https:\/\/dekkbi.com\/index.php?rest_route=\/wp\/v2\/posts\/54138\/revisions\/54140"}],"wp:featuredmedia":[{"embeddable":true,"href":"https:\/\/dekkbi.com\/index.php?rest_route=\/wp\/v2\/media\/54139"}],"wp:attachment":[{"href":"https:\/\/dekkbi.com\/index.php?rest_route=%2Fwp%2Fv2%2Fmedia&parent=54138"}],"wp:term":[{"taxonomy":"category","embeddable":true,"href":"https:\/\/dekkbi.com\/index.php?rest_route=%2Fwp%2Fv2%2Fcategories&post=54138"},{"taxonomy":"post_tag","embeddable":true,"href":"https:\/\/dekkbi.com\/index.php?rest_route=%2Fwp%2Fv2%2Ftags&post=54138"}],"curies":[{"name":"wp","href":"https:\/\/api.w.org\/{rel}","templated":true}]}}