{"id":54106,"date":"2025-03-28T13:04:39","date_gmt":"2025-03-28T13:04:39","guid":{"rendered":"https:\/\/dekkbi.com\/?p=54106"},"modified":"2025-03-28T13:05:24","modified_gmt":"2025-03-28T13:05:24","slug":"baisse-significative-le-sac-de-riz-passera-de-22500-a-17000-fcfa-selon-serigne-gueye-diop","status":"publish","type":"post","link":"https:\/\/dekkbi.com\/?p=54106","title":{"rendered":"Baisse significative du sac de riz"},"content":{"rendered":"\n<p><a href=\"https:\/\/lesoleil.sn\/wp-content\/uploads\/2025\/03\/riz-tonnes.jpg\"><\/a><strong>Cette baisse de 22 % sur le prix du riz bris\u00e9 s\u2019explique notamment par les n\u00e9gociations men\u00e9es par le gouvernement avec les pays exportateurs.<\/strong><\/p>\n\n\n\n<p>Le gouvernement prend des mesures pour all\u00e9ger le panier des m\u00e9nages. Lors de la r\u00e9union du Conseil national de la consommation (CNC), le ministre du Commerce et de l\u2019Industrie, Serigne Gueye Diop, a confirm\u00e9 une r\u00e9duction importante du prix du riz bris\u00e9, l\u2019aliment de base de nombreux foyers.<\/p>\n\n\n\n<p>\u00ab Apr\u00e8s l\u2019annonce du pr\u00e9sident de la R\u00e9publique, nous avons le plaisir d\u2019informer les consommateurs que le prix du sac de riz passera de 22 500 F CFA \u00e0 environ 17 000 F CFA, soit une baisse de pr\u00e8s de 5 500 F CFA \u00bb, a d\u00e9clar\u00e9 le ministre.<\/p>\n\n\n\n<p>Cette d\u00e9cision s\u2019inscrit dans la volont\u00e9 du gouvernement d\u2019am\u00e9liorer le pouvoir d\u2019achat des S\u00e9n\u00e9galais face \u00e0 la hausse du co\u00fbt de la vie. \u00ab Lorsque nous sommes arriv\u00e9s en avril, le prix du riz \u00e9tait de 450 F CFA le kilogramme. Aujourd\u2019hui, nous sommes fiers d\u2019annoncer qu\u2019il sera d\u00e9sormais fix\u00e9 \u00e0 350 F CFA, soit une r\u00e9duction de 100 F CFA. Cela n\u2019a jamais \u00e9t\u00e9 fait au S\u00e9n\u00e9gal depuis 10 ou 15 ans \u00bb, a soulign\u00e9 Serigne Gueye Diop, mettant en avant un effort sans pr\u00e9c\u00e9dent en faveur des consommateurs.<\/p>\n\n\n\n<p>Le ministre a assur\u00e9 que l\u2019\u00c9tat poursuivra ses efforts pour stabiliser les prix et \u00e9viter toute sp\u00e9culation sur ce produit de premi\u00e8re n\u00e9cessit\u00e9.<\/p>\n\n\n\n<p><strong>C.G. DIOP<\/strong><\/p>\n\n\n\n<p><\/p>\n","protected":false},"excerpt":{"rendered":"<p>Cette baisse de 22 % sur le prix du riz bris\u00e9 s\u2019explique notamment par les n\u00e9gociations men\u00e9es par le gouvernement<\/p>\n","protected":false},"author":1,"featured_media":54107,"comment_status":"open","ping_status":"open","sticky":false,"template":"","format":"standard","meta":{"footnotes":""},"categories":[3],"tags":[],"class_list":["post-54106","post","type-post","status-publish","format-standard","has-post-thumbnail","hentry","category-event-more-news"],"_links":{"self":[{"href":"https:\/\/dekkbi.com\/index.php?rest_route=\/wp\/v2\/posts\/54106","targetHints":{"allow":["GET"]}}],"collection":[{"href":"https:\/\/dekkbi.com\/index.php?rest_route=\/wp\/v2\/posts"}],"about":[{"href":"https:\/\/dekkbi.com\/index.php?rest_route=\/wp\/v2\/types\/post"}],"author":[{"embeddable":true,"href":"https:\/\/dekkbi.com\/index.php?rest_route=\/wp\/v2\/users\/1"}],"replies":[{"embeddable":true,"href":"https:\/\/dekkbi.com\/index.php?rest_route=%2Fwp%2Fv2%2Fcomments&post=54106"}],"version-history":[{"count":2,"href":"https:\/\/dekkbi.com\/index.php?rest_route=\/wp\/v2\/posts\/54106\/revisions"}],"predecessor-version":[{"id":54109,"href":"https:\/\/dekkbi.com\/index.php?rest_route=\/wp\/v2\/posts\/54106\/revisions\/54109"}],"wp:featuredmedia":[{"embeddable":true,"href":"https:\/\/dekkbi.com\/index.php?rest_route=\/wp\/v2\/media\/54107"}],"wp:attachment":[{"href":"https:\/\/dekkbi.com\/index.php?rest_route=%2Fwp%2Fv2%2Fmedia&parent=54106"}],"wp:term":[{"taxonomy":"category","embeddable":true,"href":"https:\/\/dekkbi.com\/index.php?rest_route=%2Fwp%2Fv2%2Fcategories&post=54106"},{"taxonomy":"post_tag","embeddable":true,"href":"https:\/\/dekkbi.com\/index.php?rest_route=%2Fwp%2Fv2%2Ftags&post=54106"}],"curies":[{"name":"wp","href":"https:\/\/api.w.org\/{rel}","templated":true}]}}