{"id":54104,"date":"2025-03-28T12:48:37","date_gmt":"2025-03-28T12:48:37","guid":{"rendered":"https:\/\/dekkbi.com\/?p=54104"},"modified":"2025-03-28T12:48:37","modified_gmt":"2025-03-28T12:48:37","slug":"abass-fall-ministre-du-travail-et-emploi-nous-allons-vers-une-reelle-politique-nationale-demploi","status":"publish","type":"post","link":"https:\/\/dekkbi.com\/?p=54104","title":{"rendered":"Abass Fall, ministre du Travail et Emploi: \u00abNous allons vers une r\u00e9elle politique nationale d\u2019emploi\u00bb"},"content":{"rendered":"\n<p>Le ministre du Travail, de l\u2019Emploi et des Relations avec les institutions, Abass Fall, a pr\u00e9sid\u00e9 hier la r\u00e9union du comit\u00e9 de pilotage du projet d\u2019Appui \u00e0 l\u2019am\u00e9lioration du dispositif d\u2019insertion des jeunes femmes et hommes et \u00e0 la formalisation des entreprises au S\u00e9n\u00e9gal (Adijefe). Selon lui, la mise en \u0153uvre de ce projet permet de renforcer la politique nationale d\u2019emploi.<\/p>\n\n\n\n<p>\u00abL\u2019emploi des jeunes est un d\u00e9fi majeur pour notre pays. Selon les donn\u00e9es r\u00e9centes, au 4e trimestre 2024, le taux de ch\u00f4mage des personnes \u00e2g\u00e9es de 15 ans et plus \u00e9tait de 20,3 % touchant encore plus durement les jeunes sans emploi, sans \u00e9ducation ni formation qui repr\u00e9sentent 34,1 % de cette tranche.\u00bb En rappelant ces statistiques, hier, lors de la r\u00e9union du comit\u00e9 de pilotage du projet d\u2019Appui \u00e0 l\u2019am\u00e9lioration du dispositif d\u2019insertion des jeunes femmes et hommes et \u00e0 la formalisation des entreprises au S\u00e9n\u00e9gal (Adijefe), le ministre du Travail, de l\u2019Emploi et des Relations avec les institutions, Abass Fall, a affirm\u00e9 la dynamique du gouvernement \u00abde permettre aux jeunes de trouver un emploi d\u00e9cent et digne\u00bb. \u00abNous avons trouv\u00e9 sur place beaucoup de projets, beaucoup de programmes que nous sommes en train de mettre en coh\u00e9rence pour aller vers une r\u00e9elle politique nationale d\u2019emploi.<\/p>\n\n\n\n<p>Lors du Conseil des ministres, le pr\u00e9sident de la R\u00e9publique m\u2019a demand\u00e9 de mettre en place une r\u00e9elle politique nationale d\u2019emploi qui n\u2019existait pas auparavant\u00bb, a d\u00e9clar\u00e9 Abass Fall. Selon lui, l\u2019Adijefe constitue une r\u00e9ponse strat\u00e9gique aux enjeux du march\u00e9 du travail et s\u2019inscrit dans les priorit\u00e9s nationales de la Vision S\u00e9n\u00e9gal 2050. \u00abEn s\u2019inscrivant dans les priorit\u00e9s nationales de la Vision S\u00e9n\u00e9gal 2050, le projet participe \u00e0 l\u2019\u00e9laboration d\u2019une nouvelle convention \u00c9tat-employeur et \u00e0 l\u2019op\u00e9rationnalisation du statut de l\u2019entreprenant\u00bb, a-t-il fait savoir. Abass Fall affirme qu\u2019il est important d\u2019adopter une approche dynamique fond\u00e9e sur la r\u00e9forme et l\u2019innovation afin de cr\u00e9er des emplois d\u00e9cents et am\u00e9liorer l\u2019insertion professionnelle des jeunes, des femmes et des hommes. D\u00e8s lors, il convient de r\u00e9viser, dit-il, la convention nationale \u00c9tat-employeur et de l\u2019arrimer \u00e0 la \u00abVision S\u00e9n\u00e9gal 2050\u00bb. D\u2019apr\u00e8s le ministre, plusieurs recommandations ont \u00e9t\u00e9 faites pour aboutir \u00e0 la r\u00e9vision de ladite convention qui date de 1985.<\/p>\n\n\n\n<p><strong>Souleymane WANE<\/strong><\/p>\n","protected":false},"excerpt":{"rendered":"<p>Le ministre du Travail, de l\u2019Emploi et des Relations avec les institutions, Abass Fall, a pr\u00e9sid\u00e9 hier la r\u00e9union du<\/p>\n","protected":false},"author":1,"featured_media":45381,"comment_status":"open","ping_status":"open","sticky":false,"template":"","format":"standard","meta":{"footnotes":""},"categories":[3],"tags":[],"class_list":["post-54104","post","type-post","status-publish","format-standard","has-post-thumbnail","hentry","category-event-more-news"],"_links":{"self":[{"href":"https:\/\/dekkbi.com\/index.php?rest_route=\/wp\/v2\/posts\/54104","targetHints":{"allow":["GET"]}}],"collection":[{"href":"https:\/\/dekkbi.com\/index.php?rest_route=\/wp\/v2\/posts"}],"about":[{"href":"https:\/\/dekkbi.com\/index.php?rest_route=\/wp\/v2\/types\/post"}],"author":[{"embeddable":true,"href":"https:\/\/dekkbi.com\/index.php?rest_route=\/wp\/v2\/users\/1"}],"replies":[{"embeddable":true,"href":"https:\/\/dekkbi.com\/index.php?rest_route=%2Fwp%2Fv2%2Fcomments&post=54104"}],"version-history":[{"count":1,"href":"https:\/\/dekkbi.com\/index.php?rest_route=\/wp\/v2\/posts\/54104\/revisions"}],"predecessor-version":[{"id":54105,"href":"https:\/\/dekkbi.com\/index.php?rest_route=\/wp\/v2\/posts\/54104\/revisions\/54105"}],"wp:featuredmedia":[{"embeddable":true,"href":"https:\/\/dekkbi.com\/index.php?rest_route=\/wp\/v2\/media\/45381"}],"wp:attachment":[{"href":"https:\/\/dekkbi.com\/index.php?rest_route=%2Fwp%2Fv2%2Fmedia&parent=54104"}],"wp:term":[{"taxonomy":"category","embeddable":true,"href":"https:\/\/dekkbi.com\/index.php?rest_route=%2Fwp%2Fv2%2Fcategories&post=54104"},{"taxonomy":"post_tag","embeddable":true,"href":"https:\/\/dekkbi.com\/index.php?rest_route=%2Fwp%2Fv2%2Ftags&post=54104"}],"curies":[{"name":"wp","href":"https:\/\/api.w.org\/{rel}","templated":true}]}}