{"id":54085,"date":"2025-03-28T12:23:07","date_gmt":"2025-03-28T12:23:07","guid":{"rendered":"https:\/\/dekkbi.com\/?p=54085"},"modified":"2025-03-28T12:23:07","modified_gmt":"2025-03-28T12:23:07","slug":"le-roi-preside-au-palais-royal-de-rabat-une-veillee-religieuse-en-commemoration-de-laylat-al-qadr-benie","status":"publish","type":"post","link":"https:\/\/dekkbi.com\/?p=54085","title":{"rendered":"Le Roi pr\u00e9side au Palais Royal de Rabat une veill\u00e9e religieuse en comm\u00e9moration de Laylat Al-Qadr b\u00e9nie"},"content":{"rendered":"\n<p><strong>Le Roi Mohammed VI, Amir Al-Mouminine, que Dieu L\u2019assiste, accompagn\u00e9 de SAR le Prince H\u00e9ritier Moulay El Hassan, de SAR le Prince Moulay Rachid, de SA le Prince Moulay Ahmed et de SA le Prince Moulay Isma\u00efl, a pr\u00e9sid\u00e9, jeudi 26 Ramadan 1446 de l\u2019H\u00e9gire, correspondant au 27 mars 2025, au Palais Royal de Rabat, une veill\u00e9e religieuse en comm\u00e9moration de Laylat Al-Qadr b\u00e9nie.<\/strong><a href=\"https:\/\/account.microsoft.com\/privacy\/ad-settings\" target=\"_blank\" rel=\"noreferrer noopener\"><\/a><\/p>\n\n\n\n<p>Apr\u00e8s les pri\u00e8res d\u2019Al-Icha et des Taraouih, il a \u00e9t\u00e9 proc\u00e9d\u00e9 \u00e0 la cl\u00f4ture de Sahih Al-Boukhari, faite par M. Lahcen Id Said, membre du Conseil Sup\u00e9rieur des Oul\u00e9mas, apr\u00e8s lecture de \u00ab&nbsp;Hadith Al Khatm&nbsp;\u00bb par M. Abderrazak Tourabi, membre du Conseil local des Oul\u00e9mas de Rabat.<\/p>\n\n\n\n<p>Par la suite, des versets du Saint Coran ont \u00e9t\u00e9 r\u00e9cit\u00e9s par l\u2019enfant Meriem Assim (12 ans, originaire de la ville de Sidi Bennour), laur\u00e9ate du Prix national Mohammed VI de m\u00e9morisation, de d\u00e9clamation et de psalmodie du Saint Coran. Sa Majest\u00e9 le Roi a ensuite \u00e9t\u00e9 salu\u00e9 par la jeune d\u00e9clamatrice, \u00e0 qui le Souverain a remis le Prix.<\/p>\n\n\n\n<p>Cette distinction t\u00e9moigne de la Haute bienveillance dont SM le Roi, Amir Al-Mouminine, n\u2019a eu de cesse d\u2019entourer les d\u00e9clamateurs et d\u00e9clamatrices du Saint Coran et de la volont\u00e9 constante du Souverain de promouvoir la m\u00e9morisation et l\u2019apprentissage du Livre Saint parmi les jeunes g\u00e9n\u00e9rations.<\/p>\n\n\n\n<p>Sa Majest\u00e9 le Roi a, ensuite, remis les Prix Mohammed VI \u00ab&nbsp;Ahl Al-Qur\u00e2an&nbsp;\u00bb et \u00ab&nbsp;Ahl Al-Hadith&nbsp;\u00bb respectivement \u00e0 M. Mohamed Idrissi Tahiri, de la ville d\u2019Agadir, et \u00e0 M. Mustapha Azaryah, de la ville de T\u00e9touan.<\/p>\n\n\n\n<p>Le Souverain a \u00e9galement remis le Prix Mohammed VI des \u00e9coles coraniques, dans ses trois cat\u00e9gories, \u00e0 MM. Abdeslam Khayali de Kel\u00e2a des Sraghna (Prix de la m\u00e9thodologie d\u2019apprentissage), Abdallah Raiss de Tiznit (Prix du rendement), et Mohamed Mazzouz de Tanger (Prix de la gestion).<\/p>\n\n\n\n<p>Sa Majest\u00e9 le Roi, Amir Al-Mouminine a, de m\u00eame, remis le Prix Mohammed VI pour le Adhan et le Tahlil, dans ses deux cat\u00e9gories, \u00e0 MM. Ayoub Nadi de Tanger (Prix de l\u2019excellence) et Abdelkader Ben Errabeh de Oued Zem (Prix honorifique).<\/p>\n\n\n\n<p>Au cours de cette veill\u00e9e religieuse, l\u2019assistance a \u00e9lev\u00e9 des pri\u00e8res implorant le Tout-Puissant de pr\u00e9server Sa Majest\u00e9 le Roi Mohammed VI, Amir Al-Mouminine, de couronner de succ\u00e8s Ses initiatives, de guider Ses pas, de r\u00e9aliser les aspirations que le Souverain nourrit pour le progr\u00e8s de Son peuple fid\u00e8le et de Le combler en les personnes de SAR le Prince H\u00e9ritier Moulay El Hassan, de SAR le Prince Moulay Rachid et de l\u2019ensemble des membres de l\u2019Illustre Famille Royale.<a href=\"https:\/\/account.microsoft.com\/privacy\/ad-settings\" target=\"_blank\" rel=\"noreferrer noopener\"><\/a><\/p>\n\n\n\n<p>Des pri\u00e8res ont \u00e9t\u00e9 \u00e9galement dites pour le repos de l\u2019\u00e2me des regrett\u00e9s Souverains, Feu SM le Roi Mohammed V et Feu SM le Roi Hassan II, que Dieu les ait en Sa sainte mis\u00e9ricorde.<\/p>\n\n\n\n<p>Cette veill\u00e9e s\u2019est d\u00e9roul\u00e9e en pr\u00e9sence notamment du Chef du gouvernement, des pr\u00e9sidents des deux Chambres du Parlement, de Conseillers de Sa Majest\u00e9 le Roi, des membres du gouvernement, des repr\u00e9sentants du corps diplomatique des pays islamiques accr\u00e9dit\u00e9 au Maroc, des officiers sup\u00e9rieurs de l\u2019Etat-Major G\u00e9n\u00e9ral des Forces Arm\u00e9es Royales, ainsi que de plusieurs personnalit\u00e9s civiles et militaires.<\/p>\n\n\n\n<p>The post\u00a0Le Roi\u00a0 pr\u00e9side au Palais Royal de Rabat une veill\u00e9e religieuse en comm\u00e9moration de Laylat Al-Qadr b\u00e9nie\u00a0appeared first on\u00a0Hespress Fran\u00e7ais &#8211; Actualit\u00e9s du Maroc.<\/p>\n\n\n\n<p><\/p>\n","protected":false},"excerpt":{"rendered":"<p>Le Roi Mohammed VI, Amir Al-Mouminine, que Dieu L\u2019assiste, accompagn\u00e9 de SAR le Prince H\u00e9ritier Moulay El Hassan, de SAR<\/p>\n","protected":false},"author":1,"featured_media":54086,"comment_status":"open","ping_status":"open","sticky":false,"template":"","format":"standard","meta":{"footnotes":""},"categories":[51],"tags":[],"class_list":["post-54085","post","type-post","status-publish","format-standard","has-post-thumbnail","hentry","category-general"],"_links":{"self":[{"href":"https:\/\/dekkbi.com\/index.php?rest_route=\/wp\/v2\/posts\/54085","targetHints":{"allow":["GET"]}}],"collection":[{"href":"https:\/\/dekkbi.com\/index.php?rest_route=\/wp\/v2\/posts"}],"about":[{"href":"https:\/\/dekkbi.com\/index.php?rest_route=\/wp\/v2\/types\/post"}],"author":[{"embeddable":true,"href":"https:\/\/dekkbi.com\/index.php?rest_route=\/wp\/v2\/users\/1"}],"replies":[{"embeddable":true,"href":"https:\/\/dekkbi.com\/index.php?rest_route=%2Fwp%2Fv2%2Fcomments&post=54085"}],"version-history":[{"count":1,"href":"https:\/\/dekkbi.com\/index.php?rest_route=\/wp\/v2\/posts\/54085\/revisions"}],"predecessor-version":[{"id":54087,"href":"https:\/\/dekkbi.com\/index.php?rest_route=\/wp\/v2\/posts\/54085\/revisions\/54087"}],"wp:featuredmedia":[{"embeddable":true,"href":"https:\/\/dekkbi.com\/index.php?rest_route=\/wp\/v2\/media\/54086"}],"wp:attachment":[{"href":"https:\/\/dekkbi.com\/index.php?rest_route=%2Fwp%2Fv2%2Fmedia&parent=54085"}],"wp:term":[{"taxonomy":"category","embeddable":true,"href":"https:\/\/dekkbi.com\/index.php?rest_route=%2Fwp%2Fv2%2Fcategories&post=54085"},{"taxonomy":"post_tag","embeddable":true,"href":"https:\/\/dekkbi.com\/index.php?rest_route=%2Fwp%2Fv2%2Ftags&post=54085"}],"curies":[{"name":"wp","href":"https:\/\/api.w.org\/{rel}","templated":true}]}}