{"id":54059,"date":"2025-03-27T12:55:39","date_gmt":"2025-03-27T12:55:39","guid":{"rendered":"https:\/\/dekkbi.com\/?p=54059"},"modified":"2025-03-27T12:55:40","modified_gmt":"2025-03-27T12:55:40","slug":"le-mali-indigne-par-les-violences-contre-ses-migrants-expulses-de-mauritanie","status":"publish","type":"post","link":"https:\/\/dekkbi.com\/?p=54059","title":{"rendered":"Le Mali \u00ab\u00a0indign\u00e9\u00a0\u00bb par les violences contre ses migrants expuls\u00e9s de Mauritanie"},"content":{"rendered":"\n<p>\u00a9 2025 AFP &#8211; Des passagers venus en pirogue de la rive mauritanienne du fleuve S\u00e9n\u00e9gal s&rsquo;approchent de la zone de d\u00e9barquement \u00e0 Rosso, au S\u00e9n\u00e9gal, le 20 mars 2025.<\/p>\n\n\n\n<p>Le gouvernement malien a exprim\u00e9 son \u00ab\u00a0indignation\u00a0\u00bb face aux violences subies par ses ressortissants expuls\u00e9s par la Mauritanie voisine ces derni\u00e8res semaines, et demand\u00e9 la cessation imm\u00e9diate de cette \u00ab\u00a0violation flagrante des droits humains\u00a0\u00bb.<\/p>\n\n\n\n<p>Depuis plusieurs semaines, la Mauritanie, vaste pays d\u00e9sertique sur la c\u00f4te atlantique ouest-africaine, m\u00e8ne une campagne d&rsquo;expulsions de migrants, notamment des S\u00e9n\u00e9galais, Maliens, Ivoiriens, Guin\u00e9ens, suscitant de vives critiques dans la r\u00e9gion.<\/p>\n\n\n\n<p>\u00ab\u00a0Le gouvernement du Mali exprime son indignation, d\u00e9nonce avec la derni\u00e8re rigueur les traitements subis par ses ressortissants en Mauritanie\u00a0\u00bb, indique un communiqu\u00e9 distribu\u00e9 lors d&rsquo;une conf\u00e9rence de presse convoqu\u00e9e sur le sujet mercredi \u00e0 Bamako.<\/p>\n\n\n\n<p>Le Mali \u00ab\u00a0regrette les conditions d&rsquo;arrestation en violation flagrante des droits humains et des droits des migrants en particulier, invite les autorit\u00e9s mauritaniennes \u00e0 la retenue et appelle \u00e0 la cessation imm\u00e9diate des violences \u00e0 l&rsquo;endroit des ressortissants maliens\u00a0\u00bb, poursuit-il.<\/p>\n\n\n\n<p>Selon le ministre des Maliens \u00e9tablis \u00e0 l&rsquo;Ext\u00e9rieur, Mossa Ag Attaher, plus de 1.800 migrants maliens ont \u00e9t\u00e9 refoul\u00e9s de Mauritanie ces derni\u00e8res semaines.<\/p>\n\n\n\n<p>Des mesures ont \u00e9t\u00e9 prises \u00ab\u00a0d\u00e8s le d\u00e9but des \u00e9v\u00e8nements pour la protection et l&rsquo;accompagnement des ressortissants maliens\u00a0\u00bb, a assur\u00e9 M. Ag Attaher lors de la conf\u00e9rence de presse.<\/p>\n\n\n\n<p>\u00ab\u00a0Les \u00e9changes avec la partie mauritanienne se poursuivront pour pr\u00e9server les liens historiques solides entre les deux pays\u00a0\u00bb, ajout\u00e9 le communiqu\u00e9 du gouvernement qui annonce une visite prochaine \u00e0 Nouakchott du ministre des Affaires \u00e9trang\u00e8res et de son coll\u00e8gue en charge des Maliens de l&rsquo;ext\u00e9rieur.<\/p>\n\n\n\n<p>Des associations de d\u00e9fense des migrants comme SOS Esclaves d\u00e9noncent des arrestations \u00ab\u00a0dans des conditions inhumaines\u00a0\u00bb.<\/p>\n\n\n\n<p>Les autorit\u00e9s mauritaniennes parlent d&rsquo;op\u00e9rations de \u00ab\u00a0routine\u00a0\u00bb qui visent les personnes en situation irr\u00e9guli\u00e8re sans donner de chiffres sur l&rsquo;ampleur de ces refoulements.<\/p>\n\n\n\n<p>Selon le gouvernement mauritanien, les migrants sont refoul\u00e9s vers les postes fronti\u00e8res par lesquels ils sont entr\u00e9s dans le pays.<\/p>\n\n\n\n<p>La Mauritanie sert de point de d\u00e9part \u00e0 de nombreux migrants venus de tout le continent pour tenter de rejoindre l&rsquo;Europe en prenant la mer.<\/p>\n","protected":false},"excerpt":{"rendered":"<p>\u00a9 2025 AFP &#8211; Des passagers venus en pirogue de la rive mauritanienne du fleuve S\u00e9n\u00e9gal s&rsquo;approchent de la zone<\/p>\n","protected":false},"author":1,"featured_media":54060,"comment_status":"open","ping_status":"open","sticky":false,"template":"","format":"standard","meta":{"footnotes":""},"categories":[51],"tags":[],"class_list":["post-54059","post","type-post","status-publish","format-standard","has-post-thumbnail","hentry","category-general"],"_links":{"self":[{"href":"https:\/\/dekkbi.com\/index.php?rest_route=\/wp\/v2\/posts\/54059","targetHints":{"allow":["GET"]}}],"collection":[{"href":"https:\/\/dekkbi.com\/index.php?rest_route=\/wp\/v2\/posts"}],"about":[{"href":"https:\/\/dekkbi.com\/index.php?rest_route=\/wp\/v2\/types\/post"}],"author":[{"embeddable":true,"href":"https:\/\/dekkbi.com\/index.php?rest_route=\/wp\/v2\/users\/1"}],"replies":[{"embeddable":true,"href":"https:\/\/dekkbi.com\/index.php?rest_route=%2Fwp%2Fv2%2Fcomments&post=54059"}],"version-history":[{"count":1,"href":"https:\/\/dekkbi.com\/index.php?rest_route=\/wp\/v2\/posts\/54059\/revisions"}],"predecessor-version":[{"id":54061,"href":"https:\/\/dekkbi.com\/index.php?rest_route=\/wp\/v2\/posts\/54059\/revisions\/54061"}],"wp:featuredmedia":[{"embeddable":true,"href":"https:\/\/dekkbi.com\/index.php?rest_route=\/wp\/v2\/media\/54060"}],"wp:attachment":[{"href":"https:\/\/dekkbi.com\/index.php?rest_route=%2Fwp%2Fv2%2Fmedia&parent=54059"}],"wp:term":[{"taxonomy":"category","embeddable":true,"href":"https:\/\/dekkbi.com\/index.php?rest_route=%2Fwp%2Fv2%2Fcategories&post=54059"},{"taxonomy":"post_tag","embeddable":true,"href":"https:\/\/dekkbi.com\/index.php?rest_route=%2Fwp%2Fv2%2Ftags&post=54059"}],"curies":[{"name":"wp","href":"https:\/\/api.w.org\/{rel}","templated":true}]}}