{"id":54056,"date":"2025-03-27T12:53:08","date_gmt":"2025-03-27T12:53:08","guid":{"rendered":"https:\/\/dekkbi.com\/?p=54056"},"modified":"2025-03-27T12:53:09","modified_gmt":"2025-03-27T12:53:09","slug":"le-pape-apparaitra-en-public-a-paques-mais-ne-pourra-probablement-pas-presider-de-nombreuses-celebrations","status":"publish","type":"post","link":"https:\/\/dekkbi.com\/?p=54056","title":{"rendered":"Le pape appara\u00eetra en public \u00e0 P\u00e2ques, mais ne pourra probablement pas pr\u00e9sider de nombreuses c\u00e9l\u00e9brations"},"content":{"rendered":"\n<p>La calendrier des c\u00e9l\u00e9brations inclut la fameuse b\u00e9n\u00e9diction \u201cUrbi et Orbi\u201d donn\u00e9e par le pape, mais le Saint-Si\u00e8ge reste tr\u00e8s discret sur les d\u00e9tails des autres \u00e9v\u00e9nements marquants de P\u00e2ques.<\/p>\n\n\n\n<p><strong>K.D.\u00a0<\/strong><strong>Source:<\/strong>\u00a0Belga<\/p>\n\n\n\n<p>Le pape Fran\u00e7ois, en convalescence apr\u00e8s une s\u00e9v\u00e8re pneumonie ayant menac\u00e9 sa vie, donnera bien sa traditionnelle b\u00e9n\u00e9diction \u201cUrbi et Orbi\u201d place Saint-Pierre pour le dimanche de P\u00e2ques, qui tombe cette ann\u00e9e le 20 avril, a annonc\u00e9 jeudi le Vatican.<\/p>\n\n\n\n<h2 class=\"wp-block-heading\">Un pape seulement pr\u00e9sent pour l\u2019\u201cUrbi et Orbi\u201d?<\/h2>\n\n\n\n<p>Il n\u2019a toutefois pas \u00e9t\u00e9 pr\u00e9cis\u00e9 si le souverain pontife argentin, \u00e2g\u00e9 de 88 ans, serait en mesure de pr\u00e9sider les autres c\u00e9l\u00e9brations, une hypoth\u00e8se peu probable au regard du programme tr\u00e8s charg\u00e9 de la Semaine sainte.<\/p>\n\n\n\n<p>Apr\u00e8s cinq semaines d\u2019hospitalisation \u00e0 Rome, le pape est rentr\u00e9 dimanche au Vatican o\u00f9 il poursuit une convalescence d\u2019au moins deux mois avec r\u00e9\u00e9ducation motrice et respiratoire et sans activit\u00e9s publiques. La fragilit\u00e9 de Fran\u00e7ois, apparu affaibli, les traits marqu\u00e9s et la voix fr\u00eale \u00e0 sa sortie de l\u2019h\u00f4pital Gemelli, interroge les fid\u00e8les sur sa pr\u00e9sence \u00e0 P\u00e2ques, la f\u00eate la plus importante de l\u2019ann\u00e9e chez les catholiques.<\/p>\n\n\n\n<p>Le calendrier des c\u00e9l\u00e9brations liturgiques pour cette p\u00e9riode, rendu public jeudi par le Vatican, inclut bien la b\u00e9n\u00e9diction solennelle \u201cUrbi et Orbi\u201d (\u00e0 la ville de Rome et au monde), donn\u00e9e par le pape du balcon de la basilique Saint-Pierre chaque dimanche de P\u00e2ques.<\/p>\n\n\n\n<p>S\u2019il a confirm\u00e9 les c\u00e9l\u00e9brations de la Semaine Sainte, le Saint-Si\u00e8ge n\u2019a pas pr\u00e9cis\u00e9 par qui elles seraient pr\u00e9sid\u00e9es. Le service de presse du Saint-Si\u00e8ge a soulign\u00e9 que la pr\u00e9sence \u00e9ventuelle du pape au cours de la Semaine Sainte serait d\u00e9cid\u00e9e en fonction de l\u2019\u00e9volution de son \u00e9tat de sant\u00e9 \u201cdans les prochaines semaines\u201d.<\/p>\n\n\n\n<p>Le souverain pontife peut d\u00e9l\u00e9guer la c\u00e9l\u00e9bration des messes et des c\u00e9r\u00e9monies \u00e0 d\u2019autres pr\u00e9lats &#8211; habituellement des cardinaux &#8211; mais seul lui peut assurer la b\u00e9n\u00e9diction \u201cUrbi et Orbi\u201d. Le Vatican a \u00e9galement maintenu la canonisation du bienheureux italien Carlo Acutis le 27 avril, sans dire dans quelle mesure le pape y participerait.<\/p>\n","protected":false},"excerpt":{"rendered":"<p>La calendrier des c\u00e9l\u00e9brations inclut la fameuse b\u00e9n\u00e9diction \u201cUrbi et Orbi\u201d donn\u00e9e par le pape, mais le Saint-Si\u00e8ge reste tr\u00e8s<\/p>\n","protected":false},"author":1,"featured_media":54057,"comment_status":"open","ping_status":"open","sticky":false,"template":"","format":"standard","meta":{"footnotes":""},"categories":[51],"tags":[],"class_list":["post-54056","post","type-post","status-publish","format-standard","has-post-thumbnail","hentry","category-general"],"_links":{"self":[{"href":"https:\/\/dekkbi.com\/index.php?rest_route=\/wp\/v2\/posts\/54056","targetHints":{"allow":["GET"]}}],"collection":[{"href":"https:\/\/dekkbi.com\/index.php?rest_route=\/wp\/v2\/posts"}],"about":[{"href":"https:\/\/dekkbi.com\/index.php?rest_route=\/wp\/v2\/types\/post"}],"author":[{"embeddable":true,"href":"https:\/\/dekkbi.com\/index.php?rest_route=\/wp\/v2\/users\/1"}],"replies":[{"embeddable":true,"href":"https:\/\/dekkbi.com\/index.php?rest_route=%2Fwp%2Fv2%2Fcomments&post=54056"}],"version-history":[{"count":1,"href":"https:\/\/dekkbi.com\/index.php?rest_route=\/wp\/v2\/posts\/54056\/revisions"}],"predecessor-version":[{"id":54058,"href":"https:\/\/dekkbi.com\/index.php?rest_route=\/wp\/v2\/posts\/54056\/revisions\/54058"}],"wp:featuredmedia":[{"embeddable":true,"href":"https:\/\/dekkbi.com\/index.php?rest_route=\/wp\/v2\/media\/54057"}],"wp:attachment":[{"href":"https:\/\/dekkbi.com\/index.php?rest_route=%2Fwp%2Fv2%2Fmedia&parent=54056"}],"wp:term":[{"taxonomy":"category","embeddable":true,"href":"https:\/\/dekkbi.com\/index.php?rest_route=%2Fwp%2Fv2%2Fcategories&post=54056"},{"taxonomy":"post_tag","embeddable":true,"href":"https:\/\/dekkbi.com\/index.php?rest_route=%2Fwp%2Fv2%2Ftags&post=54056"}],"curies":[{"name":"wp","href":"https:\/\/api.w.org\/{rel}","templated":true}]}}