{"id":54053,"date":"2025-03-27T12:48:27","date_gmt":"2025-03-27T12:48:27","guid":{"rendered":"https:\/\/dekkbi.com\/?p=54053"},"modified":"2025-03-27T12:48:28","modified_gmt":"2025-03-27T12:48:28","slug":"la-suede-planifie-sa-plus-grande-expansion-militaire-depuis-la-guerre-froide","status":"publish","type":"post","link":"https:\/\/dekkbi.com\/?p=54053","title":{"rendered":"La Su\u00e8de planifie sa plus grande expansion militaire depuis la guerre froide"},"content":{"rendered":"\n<p>Le Premier ministre su\u00e9dois a annonc\u00e9 mercredi que son gouvernement pr\u00e9voit d\u2019augmenter les d\u00e9penses de d\u00e9fense \u00e0 3,5 % du produit int\u00e9rieur brut du pays. Ce serait la plus grande expansion militaire d\u00e9cid\u00e9e par le pays depuis la fin de la guerre froide.<\/p>\n\n\n\n<p>\u00a0<strong>Source:<\/strong>\u00a0HLN, AFP<\/p>\n\n\n\n<p>Selon le Premier ministre Ulf Kristersson, cette augmentation du budget consacr\u00e9 \u00e0 l\u2019arm\u00e9e se justifie par la \u201cnouvelle situation politique et s\u00e9curitaire\u201d en Europe, entre la guerre qui fait rage depuis trois ans en Ukraine, et surtout \u201cl\u2019incertitude\u201d persistante sur l\u2019attitude am\u00e9ricaine. En 2024, la Su\u00e8de avait consacr\u00e9 2,2% de son PIB aux d\u00e9penses de d\u00e9fense, ce qui plac\u00e7ait d\u00e9j\u00e0 le royaume nordique parmi les bons \u00e9l\u00e8ves de l\u2019OTAN.<\/p>\n\n\n\n<h2 class=\"wp-block-heading\">Soutien \u00e0 l\u2019Ukraine et renforcement de l\u2019OTAN<\/h2>\n\n\n\n<p>Cette extension militaire de grande ampleur a \u00e9t\u00e9 d\u00e9cid\u00e9e alors que la Su\u00e8de a rejoint officiellement l\u2019Alliance atlantique il y a un peu plus d\u2019un an, en parall\u00e8le avec la Finlande. Une d\u00e9cision qui a mis fin \u00e0 des d\u00e9cennies de neutralit\u00e9, pour les deux pays, et largement motiv\u00e9e par l\u2019hostilit\u00e9 croissante de la Russie.<\/p>\n\n\n\n<p>Kristersson a pr\u00e9sent\u00e9 plusieurs axes pour ce plan, notamment un soutien durable \u00e0 l\u2019Ukraine, le renforcement de l\u2019OTAN et l\u2019am\u00e9lioration des capacit\u00e9s de l\u2019Union europ\u00e9enne \u00e0 d\u00e9fendre l\u2019Europe.<\/p>\n\n\n\n<p>\u201cNotre \u00e9valuation est que l\u2019OTAN \u2014 et en particulier les pays europ\u00e9ens membres de l\u2019OTAN \u2014 doivent faire de grands progr\u00e8s dans les ann\u00e9es \u00e0 venir, et la Su\u00e8de insiste pour confirmer ces d\u00e9cisions lors du sommet de l\u2019OTAN \u00e0 La Haye en juin\u201d, a d\u00e9clar\u00e9 le Premier ministre su\u00e9dois lors d\u2019une conf\u00e9rence de presse.<\/p>\n\n\n\n<h2 class=\"wp-block-heading\">Pression des \u00c9tats-Unis<\/h2>\n\n\n\n<p>Mais depuis le retour \u00e0 la Maison-Blanche de Donald Trump, la pression s\u2019est \u00e9galement accentu\u00e9e depuis les \u00c9tats-Unis. Le pr\u00e9sident am\u00e9ricain estime que les Europ\u00e9ens n\u2019en font pas assez pour leur propre d\u00e9fense au sein de l\u2019OTAN. Un grief classique, mais qui s\u2019accompagne avec lui de menaces de ne pas honorer l\u2019Alliance, voire de la quitter.<\/p>\n\n\n\n<p>Un \u00e9lectrochoc pour de nombreux dirigeants europ\u00e9ens, qui cherchent \u00e0 augmenter leurs d\u00e9penses militaires. Cette semaine, le Premier ministre espagnol Pedro S\u00e1nchez a annonc\u00e9 un plan national pour doper l\u2019industrie de d\u00e9fense. Selon les donn\u00e9es de l\u2019Alliance atlantique, l\u2019Espagne a consacr\u00e9 en 2024 \u00e0 ses d\u00e9penses militaires 1,28% de son PIB, ce qui la classait parmi les plus mauvais \u00e9l\u00e8ves. Pedro S\u00e1nchez a promis de porter ce taux \u00e0 2% d\u2019ici 2029, ou m\u00eame plus rapidement.<\/p>\n\n\n\n<p>Le secr\u00e9taire g\u00e9n\u00e9ral de l\u2019OTAN, Mark Rutte, a appel\u00e9 les \u00c9tats membres \u00e0 consacrer 3 % de leur PIB \u00e0 la d\u00e9fense, contre les 2% qui ont longtemps servi d\u2019objectif. Mais que tous les pays n\u2019atteignaient pas, en Europe. Chez nous, ces 2% devaient \u00eatre atteints pour 2029 seulement, mais la situation g\u00e9opolitique a motiv\u00e9 le minist\u00e8re de la D\u00e9fense \u00e0 mettre en place un plan bien plus rapide.<\/p>\n","protected":false},"excerpt":{"rendered":"<p>Le Premier ministre su\u00e9dois a annonc\u00e9 mercredi que son gouvernement pr\u00e9voit d\u2019augmenter les d\u00e9penses de d\u00e9fense \u00e0 3,5 % du<\/p>\n","protected":false},"author":1,"featured_media":54054,"comment_status":"open","ping_status":"open","sticky":false,"template":"","format":"standard","meta":{"footnotes":""},"categories":[51],"tags":[],"class_list":["post-54053","post","type-post","status-publish","format-standard","has-post-thumbnail","hentry","category-general"],"_links":{"self":[{"href":"https:\/\/dekkbi.com\/index.php?rest_route=\/wp\/v2\/posts\/54053","targetHints":{"allow":["GET"]}}],"collection":[{"href":"https:\/\/dekkbi.com\/index.php?rest_route=\/wp\/v2\/posts"}],"about":[{"href":"https:\/\/dekkbi.com\/index.php?rest_route=\/wp\/v2\/types\/post"}],"author":[{"embeddable":true,"href":"https:\/\/dekkbi.com\/index.php?rest_route=\/wp\/v2\/users\/1"}],"replies":[{"embeddable":true,"href":"https:\/\/dekkbi.com\/index.php?rest_route=%2Fwp%2Fv2%2Fcomments&post=54053"}],"version-history":[{"count":1,"href":"https:\/\/dekkbi.com\/index.php?rest_route=\/wp\/v2\/posts\/54053\/revisions"}],"predecessor-version":[{"id":54055,"href":"https:\/\/dekkbi.com\/index.php?rest_route=\/wp\/v2\/posts\/54053\/revisions\/54055"}],"wp:featuredmedia":[{"embeddable":true,"href":"https:\/\/dekkbi.com\/index.php?rest_route=\/wp\/v2\/media\/54054"}],"wp:attachment":[{"href":"https:\/\/dekkbi.com\/index.php?rest_route=%2Fwp%2Fv2%2Fmedia&parent=54053"}],"wp:term":[{"taxonomy":"category","embeddable":true,"href":"https:\/\/dekkbi.com\/index.php?rest_route=%2Fwp%2Fv2%2Fcategories&post=54053"},{"taxonomy":"post_tag","embeddable":true,"href":"https:\/\/dekkbi.com\/index.php?rest_route=%2Fwp%2Fv2%2Ftags&post=54053"}],"curies":[{"name":"wp","href":"https:\/\/api.w.org\/{rel}","templated":true}]}}