{"id":54043,"date":"2025-03-27T12:35:13","date_gmt":"2025-03-27T12:35:13","guid":{"rendered":"https:\/\/dekkbi.com\/?p=54043"},"modified":"2025-03-27T12:35:29","modified_gmt":"2025-03-27T12:35:29","slug":"rapport-annuel-du-mediateur-de-la-republique-diomaye-demande-a-exploiter-les-recommandations","status":"publish","type":"post","link":"https:\/\/dekkbi.com\/?p=54043","title":{"rendered":"Rapport annuel du m\u00e9diateur de la R\u00e9publique: Diomaye demande \u00e0 \u00abexploiter les recommandations\u00bb"},"content":{"rendered":"\n<p>En Conseil des ministres hier, mercredi 26 mars, le Pr\u00e9sident de la R\u00e9publique Bassirou Diomaye Faye est revenu sur le rapport annuel 2023-2024 du M\u00e9diateur de la R\u00e9publique qu\u2019il a re\u00e7u le jeudi 20 mars 2025. Il a ainsi demand\u00e9 \u00e0 \u00ab&nbsp;chaque membre du Gouvernement d\u2019exploiter les recommandations contenues dans le rapport et de r\u00e9pondre syst\u00e9matiquement aux saisines, de d\u00e9signer des r\u00e9f\u00e9rents du M\u00e9diateur de la R\u00e9publique dans chaque minist\u00e8re et de veiller, dans les r\u00e9gions et collectivit\u00e9s territoriales, au cadre d\u2019exercice des D\u00e9l\u00e9gu\u00e9s du M\u00e9diateur&nbsp;\u00bb.<\/p>\n\n\n\n<p>Poursuivant son propos, il a indiqu\u00e9 au \u00ab&nbsp;Gouvernement la n\u00e9cessit\u00e9 d\u2019accorder une attention sp\u00e9ciale \u00e0 l\u2019am\u00e9lioration continue des conditions de d\u00e9tention en veillant \u00e0 la prise en charge de la situation des enfants \u00e0 besoins sp\u00e9ciaux&nbsp;\u00bb. A en croire le Pr\u00e9sident de la R\u00e9publique, \u00ab&nbsp;le Gouvernement s\u2019attachera \u00e9galement \u00e0 la r\u00e9gularisation de la situation administrative des agents et retrait\u00e9s concern\u00e9s par les dossiers d\u00e9j\u00e0 trait\u00e9s par le M\u00e9diateur de la R\u00e9publique et au traitement diligent des r\u00e9clamations relatives \u00e0 l\u2019am\u00e9lioration de l\u2019environnement institutionnel, \u00e9conomique et social de l\u2019entreprise&nbsp;\u00bb.<\/p>\n\n\n\n<p><strong>Mariame DJIGO<\/strong><\/p>\n","protected":false},"excerpt":{"rendered":"<p>En Conseil des ministres hier, mercredi 26 mars, le Pr\u00e9sident de la R\u00e9publique Bassirou Diomaye Faye est revenu sur le<\/p>\n","protected":false},"author":1,"featured_media":54044,"comment_status":"open","ping_status":"open","sticky":false,"template":"","format":"standard","meta":{"footnotes":""},"categories":[6],"tags":[],"class_list":["post-54043","post","type-post","status-publish","format-standard","has-post-thumbnail","hentry","category-politics"],"_links":{"self":[{"href":"https:\/\/dekkbi.com\/index.php?rest_route=\/wp\/v2\/posts\/54043","targetHints":{"allow":["GET"]}}],"collection":[{"href":"https:\/\/dekkbi.com\/index.php?rest_route=\/wp\/v2\/posts"}],"about":[{"href":"https:\/\/dekkbi.com\/index.php?rest_route=\/wp\/v2\/types\/post"}],"author":[{"embeddable":true,"href":"https:\/\/dekkbi.com\/index.php?rest_route=\/wp\/v2\/users\/1"}],"replies":[{"embeddable":true,"href":"https:\/\/dekkbi.com\/index.php?rest_route=%2Fwp%2Fv2%2Fcomments&post=54043"}],"version-history":[{"count":1,"href":"https:\/\/dekkbi.com\/index.php?rest_route=\/wp\/v2\/posts\/54043\/revisions"}],"predecessor-version":[{"id":54045,"href":"https:\/\/dekkbi.com\/index.php?rest_route=\/wp\/v2\/posts\/54043\/revisions\/54045"}],"wp:featuredmedia":[{"embeddable":true,"href":"https:\/\/dekkbi.com\/index.php?rest_route=\/wp\/v2\/media\/54044"}],"wp:attachment":[{"href":"https:\/\/dekkbi.com\/index.php?rest_route=%2Fwp%2Fv2%2Fmedia&parent=54043"}],"wp:term":[{"taxonomy":"category","embeddable":true,"href":"https:\/\/dekkbi.com\/index.php?rest_route=%2Fwp%2Fv2%2Fcategories&post=54043"},{"taxonomy":"post_tag","embeddable":true,"href":"https:\/\/dekkbi.com\/index.php?rest_route=%2Fwp%2Fv2%2Ftags&post=54043"}],"curies":[{"name":"wp","href":"https:\/\/api.w.org\/{rel}","templated":true}]}}