{"id":54036,"date":"2025-03-27T12:29:09","date_gmt":"2025-03-27T12:29:09","guid":{"rendered":"https:\/\/dekkbi.com\/?p=54036"},"modified":"2025-03-27T12:29:10","modified_gmt":"2025-03-27T12:29:10","slug":"david-celestin-faye-les-enseignants-ne-seront-pas-responsables-si-lannee-universitaire-est-compromise","status":"publish","type":"post","link":"https:\/\/dekkbi.com\/?p=54036","title":{"rendered":"David C\u00e9lestin Faye : \u201dLes enseignants ne seront pas responsables si l\u2019ann\u00e9e universitaire est compromise\u201d"},"content":{"rendered":"\n<p>Dakar,  (APS) \u2013 Le Syndicat autonome des enseignants du sup\u00e9rieur (SAES) d\u00e9gage \u2018\u2019toute forme de responsabilit\u00e9\u2019\u2019 si l\u2019ann\u00e9e universitaire venait \u00e0 \u00eatre compromise, pr\u00e9vient son secr\u00e9taire g\u00e9n\u00e9ral, David C\u00e9lestin Faye, dans un entretien avec l\u2019APS.<\/p>\n\n\n\n<p>Le syndicaliste constate que \u2018\u2019beaucoup de propositions faites n\u2019ont pas \u00e9t\u00e9 prises en compte pour r\u00e9gler le chevauchement des ann\u00e9es acad\u00e9miques\u2019\u2019.<\/p>\n\n\n\n<p>Si l\u2019ann\u00e9e venait \u00e0 \u00eatre compromise, d\u00e9clare-t-il, ce ne serait pas la faute des enseignants qui ont alert\u00e9 plusieurs fois.<\/p>\n\n\n\n<p>Le SAES a fait des propositions pour r\u00e9gler le probl\u00e8me des ann\u00e9es acad\u00e9miques qui se chevauchent, mais celles-ci n\u2019ont pas \u00e9t\u00e9 prises en compte, regrette David C\u00e9lestin Faye.<\/p>\n\n\n\n<p>En 2019, \u00e0 l\u2019issue d\u2019un s\u00e9minaire financ\u00e9 sur fonds propres, le syndicat avait list\u00e9 un ensemble de pr\u00e9alables \u00e0 respecter pour la mise en \u0153uvre de la d\u00e9cision de l\u2019Etat d\u2019orienter tous les bacheliers dans le public, a-t-il rappel\u00e9.&nbsp;<\/p>\n\n\n\n<p>\u2018\u2019Des propositions rang\u00e9es dans les tiroirs alors qu\u2019elles auraient permis, \u00e0 l\u2019\u00e9poque, d\u2019\u00e9viter tant soit peu ce d\u00e9calage-l\u00e0\u2019\u2019, d\u00e9plore le syndicaliste.&nbsp;<\/p>\n\n\n\n<p>Ce travail a \u00e9t\u00e9 fait par le SAES depuis 2019, a-t-il rappel\u00e9. Il a indiqu\u00e9 que le syndicat a \u00e9valu\u00e9, avec tous les chiffres \u00e0 l\u2019appui, les besoins par section et par facult\u00e9 en termes d\u2019enseignants et de salles de classe.<\/p>\n\n\n\n<p>\u2018\u2019Le minist\u00e8re a tous les chiffres, donc tout ce qu\u2019on demande, c\u2019est la mise en \u0153uvre. C\u2019est nous qui sommes au quotidien dans les salles de classe au contact des \u00e9tudiants et nous connaissons la r\u00e9alit\u00e9 mieux que quiconque\u2019\u2019, a soutenu David C\u00e9lestin Faye.<\/p>\n\n\n\n<p>Il d\u00e9clare que le SAES est \u2018\u2019un syndicat de dialogue\u2019\u2019 et que \u2018\u2019toutes les revendications\u2019\u2019 qu\u2019il porte \u2018\u2019vont dans le sens de stabiliser l\u2019ann\u00e9e acad\u00e9mique\u2019\u2019. \u2018\u2019Tout ce que nous demandons concourt \u00e0 aider le gouvernement pour la stabilisation de cette ann\u00e9e acad\u00e9mique\u2019\u2019, a-t-il insist\u00e9.<\/p>\n\n\n\n<p>Evoquant le projet de Pacte social soulev\u00e9 lors de la rencontre tripartite avec le gouvernement, les syndicalistes et le patronat, David C\u00e9lestin Faye assure que le SAES ne refuse pas de le signer.<\/p>\n\n\n\n<p><strong>\u2018\u2019Le respect des accords est le vrai pacte\u2019\u2019<\/strong><\/p>\n\n\n\n<p>\u2018\u2019Mais avant de souscrire \u00e0 un pacte de stabilit\u00e9 social, il faudra d\u2019abord conna\u00eetre le contenu du pacte et ce n\u2019est pas le cas \u00e0 ce jour. Le vrai pacte qu\u2019on devrait avoir, c\u2019est le respect du protocole d\u2019accord pour pouvoir aller vers la stabilisation de l\u2019ann\u00e9e acad\u00e9mique\u2019\u2019, a-t-il pr\u00e9cis\u00e9.<\/p>\n\n\n\n<p>\u2018\u2019Avec l\u2019assurance d\u2019avoir le respect des protocoles, je ne vois pas l\u2019utilit\u00e9 d\u2019un pacte. Il ne faut pas que les gens aient peur jusqu\u2019\u00e0 se museler dans des pactes\u2019\u2019, estime-t-il.<\/p>\n\n\n\n<p>Selon lui, \u2018\u2019la question qu\u2019on se pose aujourd\u2019hui, c\u2019est ce que vaut le sceau de la R\u00e9publique appos\u00e9 sur les documents de n\u00e9gociation avec des syndicats, parce qu\u2019il y a des signatures qui engagent le gouvernement et qui sont l\u00e0 depuis des ann\u00e9es\u2019\u2019. Il pense qu\u2019\u2019\u2019au nom de la continuit\u00e9 de l\u2019Etat, on devrait les prendre en charge\u2019\u2019.<\/p>\n\n\n\n<p>\u2018\u2019Le protocole d\u2019accord est un pacte et le premier pacte \u00e0 respecter avant d\u2019en signer un autre\u2019\u2019, a ajout\u00e9 le syndicaliste.<\/p>\n\n\n\n<p>S\u2019il veut r\u00e9gler les probl\u00e8mes, le gouvernement n\u2019aura pas besoin de s\u2019enfermer dans des pactes, estime le syndicaliste.<\/p>\n\n\n\n<p>Pour David C\u00e9lestin Faye, \u2018\u2019il faudra juste qu\u2019il y ait un dialogue continu pour trouver les m\u00e9canismes, les voies et moyens de r\u00e9soudre les probl\u00e8mes au lieu de s\u2019enfermer dans des pactes\u2019\u2019.<\/p>\n\n\n\n<p>AFD\/ADL\/ASG\/OID<\/p>\n","protected":false},"excerpt":{"rendered":"<p>Dakar, (APS) \u2013 Le Syndicat autonome des enseignants du sup\u00e9rieur (SAES) d\u00e9gage \u2018\u2019toute forme de responsabilit\u00e9\u2019\u2019 si l\u2019ann\u00e9e universitaire venait<\/p>\n","protected":false},"author":1,"featured_media":54037,"comment_status":"open","ping_status":"open","sticky":false,"template":"","format":"standard","meta":{"footnotes":""},"categories":[21],"tags":[],"class_list":["post-54036","post","type-post","status-publish","format-standard","has-post-thumbnail","hentry","category-societe"],"_links":{"self":[{"href":"https:\/\/dekkbi.com\/index.php?rest_route=\/wp\/v2\/posts\/54036","targetHints":{"allow":["GET"]}}],"collection":[{"href":"https:\/\/dekkbi.com\/index.php?rest_route=\/wp\/v2\/posts"}],"about":[{"href":"https:\/\/dekkbi.com\/index.php?rest_route=\/wp\/v2\/types\/post"}],"author":[{"embeddable":true,"href":"https:\/\/dekkbi.com\/index.php?rest_route=\/wp\/v2\/users\/1"}],"replies":[{"embeddable":true,"href":"https:\/\/dekkbi.com\/index.php?rest_route=%2Fwp%2Fv2%2Fcomments&post=54036"}],"version-history":[{"count":1,"href":"https:\/\/dekkbi.com\/index.php?rest_route=\/wp\/v2\/posts\/54036\/revisions"}],"predecessor-version":[{"id":54038,"href":"https:\/\/dekkbi.com\/index.php?rest_route=\/wp\/v2\/posts\/54036\/revisions\/54038"}],"wp:featuredmedia":[{"embeddable":true,"href":"https:\/\/dekkbi.com\/index.php?rest_route=\/wp\/v2\/media\/54037"}],"wp:attachment":[{"href":"https:\/\/dekkbi.com\/index.php?rest_route=%2Fwp%2Fv2%2Fmedia&parent=54036"}],"wp:term":[{"taxonomy":"category","embeddable":true,"href":"https:\/\/dekkbi.com\/index.php?rest_route=%2Fwp%2Fv2%2Fcategories&post=54036"},{"taxonomy":"post_tag","embeddable":true,"href":"https:\/\/dekkbi.com\/index.php?rest_route=%2Fwp%2Fv2%2Ftags&post=54036"}],"curies":[{"name":"wp","href":"https:\/\/api.w.org\/{rel}","templated":true}]}}