{"id":54023,"date":"2025-03-27T12:19:20","date_gmt":"2025-03-27T12:19:20","guid":{"rendered":"https:\/\/dekkbi.com\/?p=54023"},"modified":"2025-03-27T12:19:21","modified_gmt":"2025-03-27T12:19:21","slug":"part-des-energies-renouvelables-dans-le-mix-energetique-le-taux-est-passe-de-2063-en-2019-a-2735-en-2024","status":"publish","type":"post","link":"https:\/\/dekkbi.com\/?p=54023","title":{"rendered":"Part des \u00e9nergies renouvelables dans le mix \u00e9nerg\u00e9tique : Le taux est pass\u00e9 de 20,63 % en 2019, \u00e0 27,35 % en 2024"},"content":{"rendered":"\n<p>Le Professeur Me\u00efssa Diakhat\u00e9, Directeur de Cabinet du ministre de l\u2019\u00c9nergie, du P\u00e9trole et des Mines, a pr\u00e9sid\u00e9 le 26 mars 2025, l\u2019atelier de restitution du Plan strat\u00e9gique de d\u00e9veloppement 2025-2029 de l\u2019Agence nationale pour les \u00e9nergies renouvelables (Aner).<\/p>\n\n\n\n<p>A cette occasion, il est revenu sur la politique de mix \u00e9nerg\u00e9tique du S\u00e9n\u00e9gal. Il a soulign\u00e9 que le S\u00e9n\u00e9gal \u00e0 l\u2019instar&nbsp;de nombreux pays, cherche \u00e0 diversifier ses sources d&rsquo;\u00e9nergie et \u00e0 r\u00e9duire sa d\u00e9pendance aux \u00e9nergies fossiles.<\/p>\n\n\n\n<p>&nbsp;\u00abCela s\u2019est traduit par une politique volontariste, qui a permis de faire passer la part des \u00e9nergies renouvelables dans le mix \u00e9nerg\u00e9tique, de 20,63 % en 2019 \u00e0 27,35 % en 2024. L\u2019ambition du S\u00e9n\u00e9gal est de porter ce taux \u00e0 40 % d\u2019ici 2030&nbsp;\u00bb, a d\u00e9clar\u00e9 M. Diakhat\u00e9.&nbsp;<br>Il a expliqu\u00e9 que l\u2019objectif de cet atelier est de pr\u00e9senter les conclusions du plan strat\u00e9gique de d\u00e9veloppement et de recueillir les avis des acteurs cl\u00e9s pour son adoption et sa mise en \u0153uvre. Pour lui, il s\u2019agit aujourd\u2019hui de se r\u00e9unir autour d\u2019un document hautement strat\u00e9gique pour la gouvernance du sous-secteur \u00e9nergie renouvelable de la politique sectorielle, dans un contexte n\u00e9cessairement d\u2019alignement de la politique sectorielle sur l\u2019agenda national de transformation S\u00e9n\u00e9gal Vision 2025-2029.<\/p>\n\n\n\n<p>Me\u00efssa Diakhat\u00e9 a salu\u00e9 l\u2019importance capitale de ce plan strat\u00e9gique de d\u00e9veloppement qui est un outil indispensable au management performant des structures et des partenariats d\u00e9di\u00e9s \u00e0 la promotion et au d\u00e9veloppement des \u00e9nergies renouvelables. Me\u00efssa Diakhat\u00e9 a affirm\u00e9 que la feuille de route repose sur l\u2019acc\u00e9l\u00e9ration de l\u2019adoption des \u00e9nergies renouvelables, le renforcement du cadre institutionnel et r\u00e9glementaire, l\u2019am\u00e9lioration de l\u2019acc\u00e8s \u00e0 l\u2019\u00e9nergie pour les populations et la mobilisation de l\u2019investissement structurant.<\/p>\n\n\n\n<figure class=\"wp-block-image\"><img decoding=\"async\" src=\"https:\/\/www.lejecos.com\/photo\/art\/default\/87478744-62046300.jpg?v=1743069076\" alt=\"Part des \u00e9nergies renouvelables dans le mix \u00e9nerg\u00e9tique : Le taux  est pass\u00e9 de  20,63 % en 2019 \u00e0 27,35 % en 2024\" title=\"Part des \u00e9nergies renouvelables dans le mix \u00e9nerg\u00e9tique : Le taux  est pass\u00e9 de  20,63 % en 2019 \u00e0 27,35 % en 2024\"\/><\/figure>\n\n\n\n<p><br><strong>Adou FAYE<\/strong><\/p>\n\n\n\n<p>Source :\u00a0https:\/\/www.lejecos.com<\/p>\n","protected":false},"excerpt":{"rendered":"<p>Le Professeur Me\u00efssa Diakhat\u00e9, Directeur de Cabinet du ministre de l\u2019\u00c9nergie, du P\u00e9trole et des Mines, a pr\u00e9sid\u00e9 le 26<\/p>\n","protected":false},"author":1,"featured_media":52658,"comment_status":"open","ping_status":"open","sticky":false,"template":"","format":"standard","meta":{"footnotes":""},"categories":[3],"tags":[],"class_list":["post-54023","post","type-post","status-publish","format-standard","has-post-thumbnail","hentry","category-event-more-news"],"_links":{"self":[{"href":"https:\/\/dekkbi.com\/index.php?rest_route=\/wp\/v2\/posts\/54023","targetHints":{"allow":["GET"]}}],"collection":[{"href":"https:\/\/dekkbi.com\/index.php?rest_route=\/wp\/v2\/posts"}],"about":[{"href":"https:\/\/dekkbi.com\/index.php?rest_route=\/wp\/v2\/types\/post"}],"author":[{"embeddable":true,"href":"https:\/\/dekkbi.com\/index.php?rest_route=\/wp\/v2\/users\/1"}],"replies":[{"embeddable":true,"href":"https:\/\/dekkbi.com\/index.php?rest_route=%2Fwp%2Fv2%2Fcomments&post=54023"}],"version-history":[{"count":1,"href":"https:\/\/dekkbi.com\/index.php?rest_route=\/wp\/v2\/posts\/54023\/revisions"}],"predecessor-version":[{"id":54024,"href":"https:\/\/dekkbi.com\/index.php?rest_route=\/wp\/v2\/posts\/54023\/revisions\/54024"}],"wp:featuredmedia":[{"embeddable":true,"href":"https:\/\/dekkbi.com\/index.php?rest_route=\/wp\/v2\/media\/52658"}],"wp:attachment":[{"href":"https:\/\/dekkbi.com\/index.php?rest_route=%2Fwp%2Fv2%2Fmedia&parent=54023"}],"wp:term":[{"taxonomy":"category","embeddable":true,"href":"https:\/\/dekkbi.com\/index.php?rest_route=%2Fwp%2Fv2%2Fcategories&post=54023"},{"taxonomy":"post_tag","embeddable":true,"href":"https:\/\/dekkbi.com\/index.php?rest_route=%2Fwp%2Fv2%2Ftags&post=54023"}],"curies":[{"name":"wp","href":"https:\/\/api.w.org\/{rel}","templated":true}]}}