{"id":54020,"date":"2025-03-27T12:16:43","date_gmt":"2025-03-27T12:16:43","guid":{"rendered":"https:\/\/dekkbi.com\/?p=54020"},"modified":"2025-03-27T12:20:04","modified_gmt":"2025-03-27T12:20:04","slug":"deces-de-me-khouraissy-ba-ousmane-sonko-loue-la-memoire-dun-monument-de-toutes-les-luttes-contre-linjustice-et-larbitraire","status":"publish","type":"post","link":"https:\/\/dekkbi.com\/?p=54020","title":{"rendered":"D\u00e9c\u00e8s de Me Khouraissy Ba : Ousmane Sonko loue la m\u00e9moire d\u2019un \u00ab monument de toutes les luttes contre l\u2019injustice et l\u2019arbitraire \u00bb"},"content":{"rendered":"\n<p><a href=\"https:\/\/lesoleil.sn\/wp-content\/uploads\/2025\/03\/WhatsApp-Image-2025-03-26-a-18.20.58_7695c1d7.jpg\"><\/a>Ce mercredi 26 septembre, nous avons appris le d\u00e9c\u00e8s de Me Khoureyssi Ba, avocat \u00e0 la cour. Une nouvelle qui s\u2019est r\u00e9pandue comme une train\u00e9e de poudre et qui a \u00e9mu plusieurs personnes, politiciens ou autres. Ousmane Sonko, qui a \u00e9t\u00e9 d\u00e9fendu par Me Ba, a apport\u00e9 un t\u00e9moignage poignant.<\/p>\n\n\n\n<p>Apr\u00e8s avoir soulign\u00e9 sa peine et sa douleur profondes, le Premier ministre a poursuivi, soulignant les qualit\u00e9s de l\u2019homme. \u00ab&nbsp;<em>Me Cheikh Khoureyssi B\u00e2 nous a quitt\u00e9s. Son engagement, son courage et son d\u00e9vouement \u00e0 d\u00e9fendre les droits fondamentaux de la personne humaine resteront \u00e0 jamais grav\u00e9s dans nos m\u00e9moires. Seigneur, en ce mois b\u00e9ni de ramadan, enveloppe \u2013 le de Ta Mis\u00e9ricorde et accorde lui Ton pardon. \u00c9minent juriste et homme de culture, il a \u00e9t\u00e9 un monument de toutes les luttes contre l\u2019injustice et l\u2019arbitraire. Il a \u00e9t\u00e9 un avocat digne qui a vou\u00e9 sa toge au service de la v\u00e9rit\u00e9. Qu\u2019Allah lui fasse mis\u00e9ricorde<\/em>&nbsp;\u00bb, \u00e9crit Sonko sur ses r\u00e9seaux sociaux.<\/p>\n\n\n\n<p>SOURCE LESOLEIL<\/p>\n","protected":false},"excerpt":{"rendered":"<p>Ce mercredi 26 septembre, nous avons appris le d\u00e9c\u00e8s de Me Khoureyssi Ba, avocat \u00e0 la cour. Une nouvelle qui<\/p>\n","protected":false},"author":1,"featured_media":54021,"comment_status":"open","ping_status":"open","sticky":false,"template":"","format":"standard","meta":{"footnotes":""},"categories":[21],"tags":[],"class_list":["post-54020","post","type-post","status-publish","format-standard","has-post-thumbnail","hentry","category-societe"],"_links":{"self":[{"href":"https:\/\/dekkbi.com\/index.php?rest_route=\/wp\/v2\/posts\/54020","targetHints":{"allow":["GET"]}}],"collection":[{"href":"https:\/\/dekkbi.com\/index.php?rest_route=\/wp\/v2\/posts"}],"about":[{"href":"https:\/\/dekkbi.com\/index.php?rest_route=\/wp\/v2\/types\/post"}],"author":[{"embeddable":true,"href":"https:\/\/dekkbi.com\/index.php?rest_route=\/wp\/v2\/users\/1"}],"replies":[{"embeddable":true,"href":"https:\/\/dekkbi.com\/index.php?rest_route=%2Fwp%2Fv2%2Fcomments&post=54020"}],"version-history":[{"count":1,"href":"https:\/\/dekkbi.com\/index.php?rest_route=\/wp\/v2\/posts\/54020\/revisions"}],"predecessor-version":[{"id":54022,"href":"https:\/\/dekkbi.com\/index.php?rest_route=\/wp\/v2\/posts\/54020\/revisions\/54022"}],"wp:featuredmedia":[{"embeddable":true,"href":"https:\/\/dekkbi.com\/index.php?rest_route=\/wp\/v2\/media\/54021"}],"wp:attachment":[{"href":"https:\/\/dekkbi.com\/index.php?rest_route=%2Fwp%2Fv2%2Fmedia&parent=54020"}],"wp:term":[{"taxonomy":"category","embeddable":true,"href":"https:\/\/dekkbi.com\/index.php?rest_route=%2Fwp%2Fv2%2Fcategories&post=54020"},{"taxonomy":"post_tag","embeddable":true,"href":"https:\/\/dekkbi.com\/index.php?rest_route=%2Fwp%2Fv2%2Ftags&post=54020"}],"curies":[{"name":"wp","href":"https:\/\/api.w.org\/{rel}","templated":true}]}}