{"id":5400,"date":"2022-12-28T10:46:54","date_gmt":"2022-12-28T10:46:54","guid":{"rendered":"https:\/\/dekkbi.com\/?p=5400"},"modified":"2022-12-28T10:46:56","modified_gmt":"2022-12-28T10:46:56","slug":"presidentielle-2024-une-election-mille-inconnues","status":"publish","type":"post","link":"https:\/\/dekkbi.com\/?p=5400","title":{"rendered":"Pr\u00e9sidentielle 2024 : une \u00e9lection, mille inconnues"},"content":{"rendered":"\n<p><strong>Macky Sall candidat.&nbsp;Karim Wade, Khalifa Sall et Ousmane Sonko hors course pour la pr\u00e9sidentielle de f\u00e9vrier 2024.&nbsp;C\u2019est un sc\u00e9nario probable.&nbsp;Avec&nbsp;ses risques et p\u00e9rils.&nbsp;Tous ces quatre&nbsp;leaders politiques susmentionn\u00e9s pourraient&nbsp;aussi \u00eatre sur la touche.&nbsp;Un autre sc\u00e9nario m\u00eame s\u2019il est impropre. Le cas \u00e9ch\u00e9ant,&nbsp;pouvoir et&nbsp;opposition&nbsp;dite significative&nbsp;seront alors oblig\u00e9s de trouver en leur sein des candidats&nbsp;susceptibles de&nbsp;remporter cette \u00e9lection&nbsp;\u00e0 plusieurs inconnues et&nbsp;aux enjeux multiples.&nbsp;<\/strong><\/p>\n\n\n\n<p>Qui seront candidats \u00e0 la prochaine \u00e9lection pr\u00e9sidentielle au S\u00e9n\u00e9gal pr\u00e9vue au mois de f\u00e9vrier 2024 ? Myst\u00e8re et boule de gomme. Entre le forcing annonc\u00e9 et\/ou presque valid\u00e9 du pr\u00e9sident sortant, Macky Sall en qu\u00eate d\u2019une 3<sup>\u00e8me<\/sup>\u00a0candidature qu\u2019il a juridiquement valid\u00e9e\u00a0lui-m\u00eame mais qu\u2019il\u00a0peine \u00e0 faire passer moralement\u00a0; Khalifa Ababacar Sall et Karim Me\u00efssa Wade\u00a0dont un recouvrement d\u2019\u00e9ligibilit\u00e9 semble d\u00e9pendre des d\u00e9sid\u00e9rata du Chef de l\u2019Etat, qui l\u2019agite quand il veut et comme il veut selon ses int\u00e9r\u00eats de l\u2019heure en passant par Ousmane Sonko plomb\u00e9 par l\u2019affaire Sweet Beauty avec ses multiples rebondissements donnant du tournis m\u00eame au Temple\u00a0du Th\u00e9mis,\u00a0le S\u00e9n\u00e9gal a fini par s\u2019installer dans une\u00a0situation in\u00e9dite \u00e0 une ann\u00e9e de l\u2019\u00e9ch\u00e9ance.<\/p>\n\n\n\n<p><strong>Macky Sall, une candidature\u00a0l\u00e9galement justifiable,\u00a0moralement\u00a0inacceptable<\/strong><\/p>\n\n\n\n<p><em>\u00abL\u2019Histoire ne se r\u00e9p\u00e8te pas, elle b\u00e9gaie\u00bb<\/em>.\u00a0Cette c\u00e9l\u00e8bre maxime\u00a0qu\u2019on attribue \u00e0\u00a0Karl Marx,\u00a0s\u2019applique\u00a0\u00e0 merveille au S\u00e9n\u00e9gal, un pays de paradoxes et de reniements \u00e0 volontiers.\u00a0Puisque chez\u00a0<em>Ndoumbelane<\/em>,\u00a0vous pouvez ravaler vos vomis sans pour autant raser les murs.\u00a0Dix (10) ans apr\u00e8s la candidature contest\u00e9e et\u00a0contestable de Me Abdoulaye Wade qui a co\u00fbt\u00e9 12 vies s\u00e9n\u00e9galaises, l\u2019histoire est en passe de se r\u00e9p\u00e9ter.\u00a0Son successeur, Macky Sall, m\u00eame s\u2019il s\u2019emmure dans son\u00a0<em>\u00abni oui, ni non\u00bb,<\/em>\u00a0pose des actes allant dans\u00a0le sens de vouloir briguer\u00a0un\u00a03<sup>\u00e8me<\/sup>\u00a0mandat plein d\u2019incertitudes.\u00a0D\u2019o\u00f9\u00a0cette d\u00e9marche\u00a0clinique pour faire adopter \u00e0 l\u2019opinion sa candidature. Pour l\u2019heure, il a r\u00e9ussi \u00e0 installer le d\u00e9bat et dans les m\u00e9dias et au sein de la classe politique(pouvoir et opposition).\u00a0La\u00a0seule\u00a0grosse inconnue reste la masse silencieuse.\u00a0Celle qui d\u00e9cide qui pr\u00e9sidera aux destin\u00e9es du S\u00e9n\u00e9gal les 5 prochaines ann\u00e9es.<\/p>\n\n\n\n<p>Et c\u2019est cette masse silence qui\u00a0se trouve flouer par des volte-face\u00a0loufoques que la morale la plus v\u00e9nielle r\u00e9prouve. Dans plusieurs moments solennels, le Pr\u00e9sident de la R\u00e9publique a r\u00e9p\u00e9t\u00e9 \u00e0 qui voulait l\u2019entendre qu\u2019il exercera un deuxi\u00e8me et dernier mandat s\u2019il est r\u00e9\u00e9lu en 2019. Il l\u2019a \u00e9crit dans son livre. Plusieurs autorit\u00e9s du pays l\u2019ont soutenu\u00a0en 2016, parmi lesquelles, on peut citer Aly Ngouille Ndiaye,\u00a0Me Oumar Youm, Me Ousmane S\u00e8ye,\u00a0Aminata Tour\u00e9, Pr Isma\u00efla Madior Fall,\u00a0Mame Mbaye Niang, Mahammed Boun Abdallah Dione\u00a0etc.<\/p>\n\n\n\n<p>Mais d\u2019une mani\u00e8re chirurgicale, la plupart d\u2019entre elles, sont en train de tourner casaque pour d\u00e9fendre une candidature de Macky Sall pour un 3<sup>\u00e8me<\/sup>\u00a0mandat. Quid des alli\u00e9s\u00a0? Aujourd\u2019hui, il n\u2019y a que Idrissa Seck qui entretient \u00e0 un myst\u00e8re. D\u2019o\u00f9 l\u2019absence remarqu\u00e9e du pr\u00e9sident du Conseil \u00e9conomique, social et environnemental\u00a0lors du s\u00e9minaire de la coalition Benno Bokk Yaakar qui a accouch\u00e9 d\u2019une petite souris.\u00a0Quant aux autres\u00a0alli\u00e9s\u00a0(Ps, Pit, Ld,\u00a0Afp\u2026), ils semblent s\u2019asseoir sur leurs principes et\/ou valeurs qui\u00a0jadis gouvernaient\u00a0leur formation politique.\u00a0Ils ont tous donn\u00e9 carte blanche \u00e0 Macky Sall pour qu\u2019il appr\u00e9cie l\u2019opportunit\u00e9 de se porter candidat ou pas en 2024.<\/p>\n\n\n\n<p>Pendant ce temps, certains membres de l\u2019APR&nbsp;ruminent leur col\u00e8re,&nbsp;diff\u00e9rent leurs ambitions&nbsp;et assistent impuissants au discours consistant \u00e0 tout renvoyer au Conseil constitutionnel.&nbsp;Le tout juridique en marche&nbsp;! Haro sur l\u2019\u00e9thique et la morale&nbsp;!<\/p>\n\n\n\n<p>Or, \u00able drame en Afrique et particuli\u00e8rement au S\u00e9n\u00e9gal, c\u2019est que les juristes veulent faire du droit tout en ayant des arri\u00e8res pens\u00e9es politiques\u00bb, dixit, l\u2019\u00e9minent professeur de droit Babacar Kant\u00e9 de l\u2019Universit\u00e9 Gaston Berger de Saint-Louis. D\u2019une mani\u00e8re plus triviale, l\u2019ancien pr\u00e9sident de la R\u00e9publique, Abdoulaye Wade soutenait ceci : \u00ables constitutionnalistes sont comme des tailleurs. Il suffit juste de leur dire ce que vous voulez\u00bb<strong>.<\/strong>L\u2019actuel Garde des Sceaux ne nous d\u00e9mentira pas.<\/p>\n\n\n\n<p><strong>Khalifa Ababacar Sall, Karim Wade et Ousmane Sonko\u00a0out\u00a0?<\/strong><\/p>\n\n\n\n<p>Khalifa Ababacar Sall et&nbsp;Karim Me\u00efssa Wade&nbsp;courent toujours derri\u00e8re leur \u00e9ligibilit\u00e9.&nbsp;Depuis leur condamnation&nbsp;respectivement dans l\u2019affaire de la caisse d\u2019avance et par la cour de l\u2019enrichissement illicite, ils&nbsp;sont priv\u00e9s de leurs droits civiques.&nbsp;De temps \u00e0 autre, le Chef de l\u2019Etat agite une loi d\u2019amnistie&nbsp;pour les tirer d\u2019affaire.&nbsp;Mais aussit\u00f4t apr\u00e8s le d\u00e9bat se d\u00e9gonfle et l\u2019espoir s\u2019effondre.&nbsp;De son exil d\u2019or\u00e9e, le fils de l\u2019ancien pr\u00e9sident de la R\u00e9publique, commande ce qui reste de sa troupe au sein du Parti d\u00e9mocratique par la publication des communiqu\u00e9s.&nbsp;Quant \u00e0 Khalifa Ababacar Sall,&nbsp;il a fini par comprendre que seule la lutte lib\u00e8re.&nbsp;D\u2019o\u00f9 cette alliance contre&nbsp;nature&nbsp;avec Ousmane Sonko.<\/p>\n\n\n\n<p>Si le leader de\u00a0<em>Pastef\/Les Patriotes<\/em>\u00a0a d\u00e9clar\u00e9 d\u00e9j\u00e0 sa candidature \u00e0 la\u00a0pr\u00e9sidentielle de f\u00e9vrier 2024, il pourrait \u00eatre rattrap\u00e9 par l\u2019affaire dite Sweet Beauty, du nom de ce salon de massage o\u00f9 une jeune femme, Adji Raby Sarr l\u2019a accus\u00e9 de viols \u00e0 r\u00e9p\u00e9tition.\u00a0Une affaire \u00e0 multiples rebondissements qui tient en haleine le landerneau politique s\u00e9n\u00e9galais.\u00a0En\u00a0cas de proc\u00e8s ayant d\u00e9bouch\u00e9\u00a0sur la condamnation de Ousmane Sonko, il sera lui aussi \u00e9limin\u00e9 de la course \u00e0 la pr\u00e9sidentielle.\u00a0Toutefois, s\u2019il s\u2019en sort blanchi, il sera difficile de l\u2019emp\u00eacher de s\u2019installer sur le fauteuil du pr\u00e9sident de la R\u00e9publique.<\/p>\n\n\n\n<p>Voil\u00e0 autant d\u2019\u00e9quations auxquelles, le S\u00e9n\u00e9gal est confront\u00e9 en perspective de cette \u00e9lection \u00e0 multiples enjeux.&nbsp;Mais aussi \u00e0 mille inconnues.<\/p>\n\n\n\n<p><strong>Ousmane GOUDIABY<\/strong><\/p>\n\n\n\n<p>SUDONLINE<\/p>\n","protected":false},"excerpt":{"rendered":"<p>Macky Sall candidat.&nbsp;Karim Wade, Khalifa Sall et Ousmane Sonko hors course pour la pr\u00e9sidentielle de f\u00e9vrier 2024.&nbsp;C\u2019est un sc\u00e9nario probable.&nbsp;Avec&nbsp;ses<\/p>\n","protected":false},"author":1,"featured_media":1931,"comment_status":"open","ping_status":"open","sticky":false,"template":"","format":"standard","meta":{"footnotes":""},"categories":[6],"tags":[],"class_list":["post-5400","post","type-post","status-publish","format-standard","has-post-thumbnail","hentry","category-politics"],"_links":{"self":[{"href":"https:\/\/dekkbi.com\/index.php?rest_route=\/wp\/v2\/posts\/5400","targetHints":{"allow":["GET"]}}],"collection":[{"href":"https:\/\/dekkbi.com\/index.php?rest_route=\/wp\/v2\/posts"}],"about":[{"href":"https:\/\/dekkbi.com\/index.php?rest_route=\/wp\/v2\/types\/post"}],"author":[{"embeddable":true,"href":"https:\/\/dekkbi.com\/index.php?rest_route=\/wp\/v2\/users\/1"}],"replies":[{"embeddable":true,"href":"https:\/\/dekkbi.com\/index.php?rest_route=%2Fwp%2Fv2%2Fcomments&post=5400"}],"version-history":[{"count":1,"href":"https:\/\/dekkbi.com\/index.php?rest_route=\/wp\/v2\/posts\/5400\/revisions"}],"predecessor-version":[{"id":5401,"href":"https:\/\/dekkbi.com\/index.php?rest_route=\/wp\/v2\/posts\/5400\/revisions\/5401"}],"wp:featuredmedia":[{"embeddable":true,"href":"https:\/\/dekkbi.com\/index.php?rest_route=\/wp\/v2\/media\/1931"}],"wp:attachment":[{"href":"https:\/\/dekkbi.com\/index.php?rest_route=%2Fwp%2Fv2%2Fmedia&parent=5400"}],"wp:term":[{"taxonomy":"category","embeddable":true,"href":"https:\/\/dekkbi.com\/index.php?rest_route=%2Fwp%2Fv2%2Fcategories&post=5400"},{"taxonomy":"post_tag","embeddable":true,"href":"https:\/\/dekkbi.com\/index.php?rest_route=%2Fwp%2Fv2%2Ftags&post=5400"}],"curies":[{"name":"wp","href":"https:\/\/api.w.org\/{rel}","templated":true}]}}