{"id":53994,"date":"2025-03-26T13:20:22","date_gmt":"2025-03-26T13:20:22","guid":{"rendered":"https:\/\/dekkbi.com\/?p=53994"},"modified":"2025-03-26T13:20:23","modified_gmt":"2025-03-26T13:20:23","slug":"journee-de-colere-a-gaza-pour-larret-de-la-guerre-et-contre-le-gouvernement-du-hamas","status":"publish","type":"post","link":"https:\/\/dekkbi.com\/?p=53994","title":{"rendered":"Journ\u00e9e de col\u00e8re \u00e0 Gaza pour l&rsquo;arr\u00eat de la guerre et contre le gouvernement du Hamas"},"content":{"rendered":"\n<p>\u00ab<em>&nbsp;Trop, c\u2019est trop&nbsp;<\/em>\u00bb, scandent les Gazaouis. Depuis mardi 25 mars, des dizaines de groupes de Palestiniens manifestent principalement dans le nord de l\u2019enclave pour exiger la fin de la guerre et le d\u00e9part du gouvernement du Hamas. Une mobilisation in\u00e9dite, qui pourrait prendre de l\u2019ampleur durant les prochaines heures. Plusieurs appels \u00e0 manifester dans d&rsquo;autres parties de la bande de Gaza ont \u00e9t\u00e9 lanc\u00e9s.<\/p>\n\n\n\n<p>Plusieurs&nbsp;centaines de Palestiniens ont manifest\u00e9 mardi 25 mars \u00e0 Beit Lahia, dans le nord de la&nbsp;bande de Gaza, pour demander la fin de la guerre et le d\u00e9part du&nbsp;Hamas du pouvoir.<\/p>\n\n\n\n<p>\u00ab<em>&nbsp;Faites entendre notre voix. Je n\u2019ai pas peur des repr\u00e9sailles<\/em>&nbsp;\u00bb, dit d\u2019embl\u00e9e Leila, jeune m\u00e8re de famille, \u00e0 notre correspondant \u00e0 J\u00e9rusalem,&nbsp;<strong>Sami Boukhelifa<\/strong>. Elle a convaincu son mari d\u2019aller manifester.&nbsp;\u00ab&nbsp;<em>On a d\u00e9cid\u00e9 que les rassemblements devaient rester restreints, par peur des bombardements isra\u00e9liens&nbsp;<\/em>\u00bb, a-t-elle expliqu\u00e9<\/p>\n\n\n\n<h2 class=\"wp-block-heading\">Les Gazaouis r\u00e9clament un nouveau gouvernement<\/h2>\n\n\n\n<p>Les Gazaouis manifestent contre la guerre meurtri\u00e8re men\u00e9e par l\u2019\u00c9tat h\u00e9breu, et contre le gouvernement du Hamas.&nbsp;\u00ab&nbsp;<em>Nous exigeons un cessez-le-feu, et nous exigeons que le gouvernement du Hamas ne reste plus au pouvoir dans la bande de Gaza<\/em>, explique Leila.&nbsp;<em>Nous ne voulons plus de ces dirigeants du Hamas install\u00e9s confortablement \u00e0 l\u2019\u00e9tranger en Turquie ou au Qatar et qui d\u00e9cident \u00e0 distance de ce qui est bon ou mauvais pour nous<\/em>&nbsp;<em>: ces gens n\u2019ont aucune id\u00e9e des souffrances que nous endurons.<\/em>&nbsp;\u00bb<\/p>\n\n\n\n<p>Mais cette r\u00e9volte des Gazaouis concerne uniquement le Hamas bas\u00e9 \u00e0 l\u2019\u00e9tranger et non Pas les combattants palestiniens dans la bande de Gaza, pr\u00e9cise Le\u00efla : \u00ab&nbsp;<em>Les combattants palestiniens incarnent la lutte nationale contre l\u2019occupation isra\u00e9lienne. Ces gens partagent notre souffrance \u00e0 Gaza. Ils ont connu la faim comme nous. Ils ont perdu leurs proches comme nous. Ils ont tout notre respect.&nbsp;<\/em>\u00bb<\/p>\n\n\n\n<p>Les Gazaouis veulent un nouveau gouvernement compos\u00e9 de responsables qui vivent en Palestine et qui veillent aux int\u00e9r\u00eats des Palestiniens. Leur priorit\u00e9 : la reconstruction de Gaza et la r\u00e9habilitation des syst\u00e8mes de sant\u00e9 et d\u2019\u00e9ducation.<\/p>\n\n\n\n<h2 class=\"wp-block-heading\">Isra\u00ebl menace d&rsquo;intensifier les frappes&nbsp;si les otages ne sont pas lib\u00e9r\u00e9s<\/h2>\n\n\n\n<p>Ces contestations interviennent alors qu&rsquo;Isra\u00ebl a repris le 18 mars ses op\u00e9rations contre l&rsquo;enclave palestinienne, faisant voler en \u00e9clats la tr\u00eave.\u00a0Le Premier ministre isra\u00e9lien Benyamin Netanyahu a menac\u00e9 mercredi d&rsquo;intensifier encore \u00ab\u00a0<em>la pression<\/em>\u00a0\u00bb militaire si le Hamas persiste \u00ab\u00a0<em>dans son refus de lib\u00e9rer les otages<\/em>\u00a0\u00bb.<\/p>\n\n\n\n<p>Le Hamas, de son c\u00f4t\u00e9, a averti que les bombardements isra\u00e9liens pourraient finir par tuer les otages, plut\u00f4t que les lib\u00e9rer.&nbsp;Le mouvement islamiste palestinien a indiqu\u00e9 dans un communiqu\u00e9 publi\u00e9 mercredi qu&rsquo;il faisait \u00ab&nbsp;<em>tout son possible pour maintenir les captifs en vie, mais le bombardement sioniste&nbsp;<\/em>[isra\u00e9lien, NDLR]<em>&nbsp;aveugle met leur vie en danger<\/em>&nbsp;\u00bb. \u00ab&nbsp;<em>Chaque fois que l&rsquo;occupation&nbsp;<\/em>[isra\u00e9lienne, NDLR]<em>&nbsp;tente de r\u00e9cup\u00e9rer ses captifs par la force, elle finit par les ramener dans des cercueils<\/em>&nbsp;\u00bb, a-t-il ajout\u00e9.<\/p>\n\n\n\n<p>Depuis la reprise des op\u00e9rations militaires d&rsquo;Isra\u00ebl le 18 mars, 830 personnes ont \u00e9t\u00e9 tu\u00e9es dans le territoire palestinien assi\u00e9g\u00e9, selon un bilan du minist\u00e8re de la Sant\u00e9 du gouvernement du Hamas \u00e0 Gaza publi\u00e9 ce mercredi 26.\u00a0<strong>Ces d\u00e9c\u00e8s portent \u00e0 50\u00a0183 morts<\/strong>\u00a0le bilan total des morts \u00e0 Gaza depuis le d\u00e9but de la guerre.<\/p>\n\n\n\n<p>SOURCE RF<\/p>\n","protected":false},"excerpt":{"rendered":"<p>\u00ab&nbsp;Trop, c\u2019est trop&nbsp;\u00bb, scandent les Gazaouis. Depuis mardi 25 mars, des dizaines de groupes de Palestiniens manifestent principalement dans le<\/p>\n","protected":false},"author":1,"featured_media":53995,"comment_status":"open","ping_status":"open","sticky":false,"template":"","format":"standard","meta":{"footnotes":""},"categories":[51],"tags":[],"class_list":["post-53994","post","type-post","status-publish","format-standard","has-post-thumbnail","hentry","category-general"],"_links":{"self":[{"href":"https:\/\/dekkbi.com\/index.php?rest_route=\/wp\/v2\/posts\/53994","targetHints":{"allow":["GET"]}}],"collection":[{"href":"https:\/\/dekkbi.com\/index.php?rest_route=\/wp\/v2\/posts"}],"about":[{"href":"https:\/\/dekkbi.com\/index.php?rest_route=\/wp\/v2\/types\/post"}],"author":[{"embeddable":true,"href":"https:\/\/dekkbi.com\/index.php?rest_route=\/wp\/v2\/users\/1"}],"replies":[{"embeddable":true,"href":"https:\/\/dekkbi.com\/index.php?rest_route=%2Fwp%2Fv2%2Fcomments&post=53994"}],"version-history":[{"count":1,"href":"https:\/\/dekkbi.com\/index.php?rest_route=\/wp\/v2\/posts\/53994\/revisions"}],"predecessor-version":[{"id":53996,"href":"https:\/\/dekkbi.com\/index.php?rest_route=\/wp\/v2\/posts\/53994\/revisions\/53996"}],"wp:featuredmedia":[{"embeddable":true,"href":"https:\/\/dekkbi.com\/index.php?rest_route=\/wp\/v2\/media\/53995"}],"wp:attachment":[{"href":"https:\/\/dekkbi.com\/index.php?rest_route=%2Fwp%2Fv2%2Fmedia&parent=53994"}],"wp:term":[{"taxonomy":"category","embeddable":true,"href":"https:\/\/dekkbi.com\/index.php?rest_route=%2Fwp%2Fv2%2Fcategories&post=53994"},{"taxonomy":"post_tag","embeddable":true,"href":"https:\/\/dekkbi.com\/index.php?rest_route=%2Fwp%2Fv2%2Ftags&post=53994"}],"curies":[{"name":"wp","href":"https:\/\/api.w.org\/{rel}","templated":true}]}}