{"id":53989,"date":"2025-03-26T12:34:25","date_gmt":"2025-03-26T12:34:25","guid":{"rendered":"https:\/\/dekkbi.com\/?p=53989"},"modified":"2025-03-26T13:23:09","modified_gmt":"2025-03-26T13:23:09","slug":"le-prince-harry-demissionne-de-son-association-en-afrique-apres-un-conflit-interne","status":"publish","type":"post","link":"https:\/\/dekkbi.com\/?p=53989","title":{"rendered":"Le prince Harry d\u00e9missionne de son association en Afrique"},"content":{"rendered":"\n<p>Par \u00a9 2025 AFP<\/p>\n\n\n\n<p>Le prince Harry a renonc\u00e9 \u00e0 son r\u00f4le de parrain de l&rsquo;association caritative Sentebale, qu&rsquo;il a fond\u00e9e en 2006 pour lutter contre le sida en Afrique, se disant \u00ab\u00a0sous le choc\u00a0\u00bb \u00e0 la suite d&rsquo;un conflit avec la pr\u00e9sidente du conseil d&rsquo;administration.<\/p>\n\n\n\n<p>Le duc de Sussex, install\u00e9 aux Etats-Unis depuis 2020, a cofond\u00e9 cette organisation il y a vingt ans en l&rsquo;honneur de sa m\u00e8re, la princesse Diana, avec le prince Seeiso du Lesotho.<\/p>\n\n\n\n<p>\u00ab\u00a0C&rsquo;est le coeur lourd que nous avons d\u00e9missionn\u00e9 de nos fonctions de parrains de l&rsquo;organisation jusqu&rsquo;\u00e0 nouvel ordre, en signe de soutien et de solidarit\u00e9 avec les membres du conseil d&rsquo;administration qui ont d\u00fb faire de m\u00eame\u00a0\u00bb, ont-ils d\u00e9clar\u00e9 dans un communiqu\u00e9 commun publi\u00e9 mardi soir.<\/p>\n\n\n\n<p>\u00ab\u00a0Ce qui s&rsquo;est pass\u00e9 est impensable. Nous sommes sous le choc d&rsquo;avoir \u00e0 faire cela\u00a0\u00bb, ont-ils poursuivi.<\/p>\n\n\n\n<p>Les cinq membres du conseil d&rsquo;administration avaient tous r\u00e9clam\u00e9 le d\u00e9part de leur pr\u00e9sidente, l&rsquo;avocate zimbabw\u00e9enne Sophie Chandauka, qui a pris ses fonctions en juillet 2023.<\/p>\n\n\n\n<p>Celle-ci a ripost\u00e9 en saisissant \u00e0 leur encontre le r\u00e9gulateur britannique Charity Commission et port\u00e9 l&rsquo;affaire devant la Haute Cour de Londres, ce qui a provoqu\u00e9 leur d\u00e9mission collective.<\/p>\n\n\n\n<p>Sophie Chandauka a affirm\u00e9 dans un communiqu\u00e9 avoir \u00ab\u00a0os\u00e9 d\u00e9noncer les probl\u00e8mes de mauvaise gouvernance, de gestion d\u00e9faillante, d&rsquo;abus de pouvoir, d&rsquo;intimidation, de harc\u00e8lement, de misogynie\u00a0\u00bb et de racisme envers les femmes noires dans l&rsquo;ONG.<\/p>\n\n\n\n<p>\u00ab\u00a0Des gens se comportent comme s&rsquo;ils \u00e9taient au-dessus des lois (&#8230;), puis jouent la carte de la victime et utilisent la presse, qu&rsquo;ils m\u00e9prisent, pour nuire \u00e0 ceux qui ont le courage de contester leur conduite\u00a0\u00bb, a-t-elle fustig\u00e9.<\/p>\n\n\n\n<p>L&rsquo;ONG, qui aide les jeunes du Lesotho et Bostwana atteints du VIH et du sida, \u00e9tait d\u00e9j\u00e0 en difficult\u00e9 apr\u00e8s le transfert de ses op\u00e9rations en Afrique et le d\u00e9part de plusieurs membres, rapporte le Times.<\/p>\n\n\n\n<p>\u00ab\u00a0Nous sommes d\u00e9vast\u00e9s que la relation entre les membres et la pr\u00e9sidente du conseil d&rsquo;administration se soit irr\u00e9m\u00e9diablement d\u00e9t\u00e9rior\u00e9e, cr\u00e9ant une situation intenable\u00a0\u00bb, ont d\u00e9plor\u00e9 les princes Harry et Seeiso.<\/p>\n\n\n\n<p>Les deux cofondateurs ont dit avoir aussi partag\u00e9 \u00ab\u00a0leurs inqui\u00e9tudes\u00a0\u00bb aupr\u00e8s de la Charity Commission. Cette derni\u00e8re a indiqu\u00e9 \u00e0 l&rsquo;AFP \u00eatre \u00ab\u00a0au courant\u00a0\u00bb de ces probl\u00e8mes internes, et les \u00ab\u00a0\u00e9valuer\u00a0\u00bb avant de potentielles actions.<\/p>\n\n\n\n<p>Le duc de Sussex, qui a pass\u00e9 deux mois au Lesotho \u00e0 l&rsquo;\u00e2ge de 19 ans en 2004, a cr\u00e9\u00e9 cette association deux ans plus tard.<\/p>\n\n\n\n<p>Un porte-parole de l&rsquo;ONG a indiqu\u00e9 \u00e0 l&rsquo;AFP que le conseil d&rsquo;administration avait \u00e9t\u00e9 \u00ab\u00a0restructur\u00e9\u00a0\u00bb mardi, ajoutant n&rsquo;avoir pas re\u00e7u les d\u00e9missions des deux cofondateurs.<\/p>\n","protected":false},"excerpt":{"rendered":"<p>Par \u00a9 2025 AFP Le prince Harry a renonc\u00e9 \u00e0 son r\u00f4le de parrain de l&rsquo;association caritative Sentebale, qu&rsquo;il a<\/p>\n","protected":false},"author":1,"featured_media":53990,"comment_status":"open","ping_status":"open","sticky":false,"template":"","format":"standard","meta":{"footnotes":""},"categories":[51],"tags":[],"class_list":["post-53989","post","type-post","status-publish","format-standard","has-post-thumbnail","hentry","category-general"],"_links":{"self":[{"href":"https:\/\/dekkbi.com\/index.php?rest_route=\/wp\/v2\/posts\/53989","targetHints":{"allow":["GET"]}}],"collection":[{"href":"https:\/\/dekkbi.com\/index.php?rest_route=\/wp\/v2\/posts"}],"about":[{"href":"https:\/\/dekkbi.com\/index.php?rest_route=\/wp\/v2\/types\/post"}],"author":[{"embeddable":true,"href":"https:\/\/dekkbi.com\/index.php?rest_route=\/wp\/v2\/users\/1"}],"replies":[{"embeddable":true,"href":"https:\/\/dekkbi.com\/index.php?rest_route=%2Fwp%2Fv2%2Fcomments&post=53989"}],"version-history":[{"count":2,"href":"https:\/\/dekkbi.com\/index.php?rest_route=\/wp\/v2\/posts\/53989\/revisions"}],"predecessor-version":[{"id":53999,"href":"https:\/\/dekkbi.com\/index.php?rest_route=\/wp\/v2\/posts\/53989\/revisions\/53999"}],"wp:featuredmedia":[{"embeddable":true,"href":"https:\/\/dekkbi.com\/index.php?rest_route=\/wp\/v2\/media\/53990"}],"wp:attachment":[{"href":"https:\/\/dekkbi.com\/index.php?rest_route=%2Fwp%2Fv2%2Fmedia&parent=53989"}],"wp:term":[{"taxonomy":"category","embeddable":true,"href":"https:\/\/dekkbi.com\/index.php?rest_route=%2Fwp%2Fv2%2Fcategories&post=53989"},{"taxonomy":"post_tag","embeddable":true,"href":"https:\/\/dekkbi.com\/index.php?rest_route=%2Fwp%2Fv2%2Ftags&post=53989"}],"curies":[{"name":"wp","href":"https:\/\/api.w.org\/{rel}","templated":true}]}}