{"id":53983,"date":"2025-03-26T12:19:30","date_gmt":"2025-03-26T12:19:30","guid":{"rendered":"https:\/\/dekkbi.com\/?p=53983"},"modified":"2025-03-26T12:19:30","modified_gmt":"2025-03-26T12:19:30","slug":"coree-du-sud-des-mega-feux-attises-par-la-secheresse-font-de-nombreux-morts","status":"publish","type":"post","link":"https:\/\/dekkbi.com\/?p=53983","title":{"rendered":"Cor\u00e9e du Sud: des m\u00e9ga-feux attis\u00e9s par la s\u00e9cheresse font de nombreux morts"},"content":{"rendered":"\n<p>Depuis le 21 mars, des feux de for\u00eats, parmi les pires de l&rsquo;histoire sud-cor\u00e9enne, ravagent le sud-est du pays et ont fait 24 victimes, selon un bilan encore provisoire ce 26 mars. Parmi elles, plusieurs pompiers, dont un qui est d\u00e9c\u00e9d\u00e9 mercredi 26 mars dans le crash de son h\u00e9licopt\u00e8re. Le changement climatique a boost\u00e9 l\u2019ampleur des incendies, selon un expert local joint par le correspondant de RFI. La surface br\u00fbl\u00e9e d\u00e9passe celle des feux de Los Angeles, en janvier.<\/p>\n\n\n\n<p><strong>Par :G\u00e9raud Bosman-Delzons &#8211; SOURCE RFI<\/strong><\/p>\n\n\n\n<p>Debout depuis 1&nbsp;000 ans depuis la ville d&rsquo;Uiseong, le temple d\u2019Unmrasa n\u2019est plus qu\u2019un amas de cendres et de d\u00e9bris encore fumant.<\/p>\n\n\n\n<p>Pour afficher ce contenu X (Twitter), il est n\u00e9cessaire d&rsquo;autoriser les cookies de mesure d&rsquo;audience et de publicit\u00e9.AccepterG\u00e9rer mes choix<\/p>\n\n\n\n<figure class=\"wp-block-image\"><img decoding=\"async\" src=\"https:\/\/s.rfi.fr\/media\/display\/cdf50c3e-0a1e-11f0-bfe7-005056bf30b7\/w:980\/000_37KE9PM.jpg\" alt=\"Des pompiers s'affairent \u00e0 \u00e9teindre la carcasse calcin\u00e9e du temple d'Unramsa, \u00e0 Uiseong, le 23 mars 2025.\"\/><figcaption class=\"wp-element-caption\">Des pompiers s&rsquo;affairent \u00e0 \u00e9teindre la carcasse calcin\u00e9e du temple d&rsquo;Unramsa, \u00e0 Uiseong, le 23 mars 2025.&nbsp;AFP &#8211; &#8211;<\/figcaption><\/figure>\n\n\n\n<p>Dans ce m\u00eame district de la province de Gyeongsang du Nord, le temple de Gounsa a subi le m\u00eame sort, presque deux si\u00e8cles apr\u00e8s avoir \u00e9t\u00e9 calcin\u00e9 une premi\u00e8re fois. Il est, lui aussi, situ\u00e9 sur un site mill\u00e9naire (VII\u00e8me si\u00e8cle). Juste avant la catastrophe, un reporter de l\u2019Agence France-Presse sur place avait constat\u00e9 que des ouvriers du temple Gounsa tentaient de d\u00e9placer des objets historiques et recouvrir des statues bouddhiques pour les prot\u00e9ger d&rsquo;\u00e9ventuels d\u00e9g\u00e2ts. Selon&nbsp;<em>The Korea Herald<\/em>, ces tr\u00e9sors nationaux ont pu \u00eatre mis \u00e0 l\u2019abri avant que le temple soit ras\u00e9 par les flammes, quelques heures plus tard. \u00ab<em>&nbsp;C&rsquo;est vraiment d\u00e9chirant et douloureux de voir de pr\u00e9cieux temples vieux de plus de 1<\/em>&nbsp;<em>000<\/em>&nbsp;<em>ans \u00eatre perdus&nbsp;<\/em>\u00bb, a regrett\u00e9 aupr\u00e8s de l&rsquo;AFP un moine, Deung-woon.<\/p>\n\n\n\n<p>Non loin, c\u2019est l\u2019existence du village traditionnel Hahoe (Est) qui \u00e9tait en sursis. Comme pour d&rsquo;autres villages autour de la ville moderne d\u2019Uiseong (150&nbsp;000 habitants), ses habitants ont re\u00e7u mardi 25 mars au soir un message d&rsquo;alerte des autorit\u00e9s locales leur demander d&rsquo;\u00ab&nbsp;<em>\u00e9vacuer imm\u00e9diatement<\/em>&nbsp;\u00bb&nbsp;: les flammes progressaient en direction du site touristique class\u00e9 par l&rsquo;Unesco. Construit aux XIV\u00e8me et XV\u00e8me si\u00e8cles, ce village clanique est consid\u00e9r\u00e9 comme repr\u00e9sentatif de la culture confuc\u00e9enne aristocratique et configur\u00e9 pour tirer une nourriture \u00e0 la fois physique et spirituelle de ses paysages de montagnes, d&rsquo;arbres et d&rsquo;eau.<\/p>\n\n\n\n<p>La veille, les autorit\u00e9s avaient \u00e9galement appel\u00e9 plusieurs villages environnant la cit\u00e9 d&rsquo;Andong \u00e0 \u00e9vacuer. Parfois, le feu est arriv\u00e9 si rapidement que les gens ont fui sans emporter la moindre affaire, ont racont\u00e9 \u00e0 l&rsquo;AFP des habitants r\u00e9fugi\u00e9s dans le gymnase de l&rsquo;\u00e9cole primaire de Sinsung. \u00ab&nbsp;<em>Les vents \u00e9taient tellement forts<\/em>&nbsp;\u00bb, a d\u00e9crit Kwon So-han, un r\u00e9sident de 79 ans d&rsquo;Andong, qui a fui d\u00e8s qu&rsquo;il a re\u00e7u l&rsquo;ordre d&rsquo;\u00e9vacuation. \u00ab&nbsp;<em>Le feu est venu de la montagne et s&rsquo;est abattu sur ma maison<\/em>&nbsp;\u00bb, a-t-il dit, affirmant qu&rsquo;il n&rsquo;avait pu rien emporter. Au total, 23&nbsp;000 personnes ont d\u00fb quitter leur foyer. Par ailleurs, environ 3&nbsp;500 d\u00e9tenus ont \u00e9t\u00e9 transf\u00e9r\u00e9s hors de danger des \u00e9tablissements p\u00e9nitentiaires de la province de Gyeongsang du Nord, a d\u00e9clar\u00e9 un responsable du minist\u00e8re de la Justice.<\/p>\n\n\n\n<p>Le bilan humain s&rsquo;est consid\u00e9rablement alourdi, passant de 4 \u00e0 24 morts ces derni\u00e8res vingt-quatre heures, selon les chiffres encore \u00ab&nbsp;<em>provisoires&nbsp;<\/em>\u00bb communiqu\u00e9s par le minist\u00e8re de l&rsquo;Int\u00e9rieur sud-cor\u00e9en, mercredi 26 mars dans l&rsquo;apr\u00e8s-midi (temps local).<\/p>\n\n\n\n<figure class=\"wp-block-image\"><img decoding=\"async\" src=\"https:\/\/s.rfi.fr\/media\/display\/7ec75102-0a1f-11f0-abd6-005056a97e36\/w:980\/hahoe.jpg\" alt=\"Le village de Hahoe, class\u00e9 au patrimoine mondial de l'Unesco, restait sous la menace des flammes le 25 mars 2025.\"\/><figcaption class=\"wp-element-caption\">Le village de Hahoe, class\u00e9 au patrimoine mondial de l&rsquo;Unesco, restait sous la menace des flammes le 25 mars 2025.&nbsp;\u00a9 Unesco<\/figcaption><\/figure>\n\n\n\n<h2 class=\"wp-block-heading\">Le deuxi\u00e8me pire \u00e9pisode de feux de for\u00eat en surface br\u00fbl\u00e9e<\/h2>\n\n\n\n<p>Depuis le 21 mars et les premiers d\u00e9parts de feux, la Cor\u00e9e du Sud affronte l\u2019un des pires \u00e9pisodes d\u2019incendies de son histoire, le deuxi\u00e8me d\u00e9sormais en termes de la superficie br\u00fbl\u00e9e. Ils ont \u00ab&nbsp;<em>caus\u00e9 des dommages sans pr\u00e9c\u00e9dent&nbsp;<\/em>\u00bb, a d\u00e9clar\u00e9 le pr\u00e9sident par int\u00e9rim Han Duck-soo, et \u00ab&nbsp;<em>se d\u00e9veloppent d&rsquo;une mani\u00e8re qui d\u00e9passe les mod\u00e8les de pr\u00e9vision existants<\/em>&nbsp;\u00bb. Le chef de l\u2019\u00c9tat cor\u00e9en a \u00e9lev\u00e9 mercredi le niveau d&rsquo;alerte \u00e0 son maximum et annonc\u00e9 une \u00ab&nbsp;<em>r\u00e9ponse nationale totale<\/em>&nbsp;\u00bb.<\/p>\n\n\n\n<p>Au total, une trentaine de feux se sont d\u00e9clar\u00e9s au cours du week-end dernier dans le sud-est du pays. Le plus important a d\u00e9marr\u00e9 dans la r\u00e9gion d\u2019Uiseong, il mobilise les deux cinqui\u00e8mes des quelque 7&nbsp;000 pompiers d\u00e9ploy\u00e9s, selon l\u2019AFP. Ils sont&nbsp;<strong><a href=\"https:\/\/www.youtube.com\/watch?v=srkgm20gL58\" target=\"_blank\" rel=\"noreferrer noopener\">\u00e0 pied d\u2019\u0153uvre nuit et jour dans les for\u00eats<\/a><\/strong>&nbsp;et plus d\u2019une centaine d\u2019h\u00e9licopt\u00e8res ont \u00e9t\u00e9 mobilis\u00e9s. Mardi 25 mars, l\u2019un d\u2019entre eux \u00ab&nbsp;<em>s&rsquo;est \u00e9cras\u00e9 dans une zone montagneuse du comt\u00e9 de Uiseong<\/em>&nbsp;\u00bb tuant son pilote, a indiqu\u00e9 \u00e0 l&rsquo;AFP le service des pompiers de la province de Gyeongbuk (Est).<\/p>\n\n\n\n<figure class=\"wp-block-image\"><img decoding=\"async\" src=\"https:\/\/s.rfi.fr\/media\/display\/20e539ae-0a20-11f0-9c64-005056bf30b7\/w:980\/southkoreafires_amo_20250322_lrg2.jpg\" alt=\"Vue de l'espace, prise par le satellite Aqua de la Nasa, des premiers feux en Cor\u00e9e, le 22 mars 2025.\"\/><figcaption class=\"wp-element-caption\">Vue de l&rsquo;espace, prise par le satellite Aqua de la Nasa, des premiers feux en Cor\u00e9e, le 22 mars 2025.&nbsp;\u00a9 Nasa Earth<\/figcaption><\/figure>\n\n\n\n<p>L\u2019\u00e9tat d\u2019urgence a \u00e9t\u00e9 d\u00e9clench\u00e9 dans quatre r\u00e9gions. Les autorit\u00e9s l\u2019ont justifi\u00e9 par \u00ab&nbsp;<em>les d\u00e9g\u00e2ts importants caus\u00e9s par des feux de for\u00eat simultan\u00e9s \u00e0 travers le pays<\/em>&nbsp;\u00bb. Cela entraine le d\u00e9blocage de fonds sp\u00e9ciaux et d\u2019autres mesures, alors que le pays qui traverse une crise politique majeure, est dirig\u00e9 par le pr\u00e9sident int\u00e9rimaire, qui s\u2019est rendu dans le district d\u2019Uiseong.<\/p>\n\n\n\n<p>\u00ab&nbsp;<em>Les feux de for\u00eat ont jusqu&rsquo;\u00e0 pr\u00e9sent touch\u00e9 quelque 14 694 hectares, et les d\u00e9g\u00e2ts continuent de s&rsquo;accro\u00eetre<\/em>&nbsp;\u00bb, avait d\u00e9clar\u00e9 mardi matin le ministre int\u00e9rimaire de l&rsquo;Int\u00e9rieur et de la S\u00e9curit\u00e9. Vingt-quatre heures plus tard, le bilan donn\u00e9 par le pr\u00e9sident Han Duck-soo en personne passait \u00e0 17&nbsp;000 ha. Il y a 25 ans, environ 24&nbsp;000 ha avaient \u00e9t\u00e9 ravag\u00e9s sur la c\u00f4te est. En mars 2022, ce chiffre \u00e9tait de 16&nbsp;300 ha, dans les districts de Uljin et Shamcheok, \u00e0 l\u2019Est.<\/p>\n\n\n\n<p>L&rsquo;\u00e9chelle de grandeur est&nbsp;<a href=\"https:\/\/www.rfi.fr\/fr\/am%C3%A9riques\/20250110-incendies-de-los-angeles-au-del%C3%A0-des-images-des-d%C3%A9g%C3%A2ts-d-ampleur-colossale\"><strong>similaire aux m\u00e9ga-feux de Los Angeles<\/strong><\/a>&nbsp;de janvier dernier, avec 16 000 ha partis en fum\u00e9e<\/p>\n\n\n\n<p>Les pompiers esp\u00e8rent maintenant que les orages pr\u00e9vus pour la journ\u00e9e de demain les aideront \u00e0 venir \u00e0 bout des incendies.<\/p>\n\n\n\n<p>\u00c0 lire aussi<\/p>\n\n\n\n<p><a href=\"https:\/\/www.rfi.fr\/fr\/am%C3%A9riques\/20250120-incendies-%C3%A0-los-angeles-les-feux-n-ont-pas-seulement-d%C3%A9truit-les-b%C3%A2timents-mais-aussi-toute-une-m%C3%A9moire-collective\">Incendies \u00e0 Los Angeles: \u00abLes feux n&rsquo;ont pas seulement d\u00e9truit les b\u00e2timents, mais aussi toute une m\u00e9moire collective\u00bb<\/a><\/p>\n\n\n\n<h2 class=\"wp-block-heading\">Le changement climatique en toile de fond<\/h2>\n\n\n\n<p>Plusieurs ph\u00e9nom\u00e8nes m\u00e9t\u00e9orologiques extr\u00eames, comme les canicules et les pr\u00e9cipitations intenses, ont un lien \u00e9tabli avec le changement climatique. D&rsquo;autres, comme les feux de for\u00eat, les s\u00e9cheresses, les temp\u00eates de neige et les temp\u00eates tropicales, peuvent \u00eatre caus\u00e9s par une multiplicit\u00e9 de facteurs.<\/p>\n\n\n\n<p><strong>Newsletter<\/strong>Recevez toute l&rsquo;actualit\u00e9 internationale directement dans votre boite mail<a href=\"https:\/\/emailing.rfi.fr\/fr\/subscribe\" target=\"_blank\" rel=\"noreferrer noopener\">Je m&rsquo;abonne<\/a><\/p>\n\n\n\n<p>Qu\u2019en est-il concernant les incendies actuels dans la p\u00e9ninsule sud-cor\u00e9enne ? Le sud du pays a \u00e9t\u00e9 touch\u00e9 par deux fois plus d&rsquo;incendies cette ann\u00e9e qu&rsquo;en 2024. \u00ab&nbsp;<em>Dans la r\u00e9gion de Gyeongsang du Nord, o\u00f9 se situe Uiseong, l&rsquo;air est extr\u00eamement sec et des vents forts y soufflent&nbsp;<\/em>\u00bb, a d\u00e9crit un responsable de l&rsquo;agence m\u00e9t\u00e9orologique locale.&nbsp;Cela rend ces incendies difficiles \u00e0 circonscrire.<\/p>\n\n\n\n<p>\u00ab&nbsp;<em>La m\u00e9t\u00e9o est tr\u00e8s s\u00e8che,<\/em>&nbsp;confirme l&rsquo;expert de la protection des for\u00eats Seo Jaecheol \u00e0 notre correspondant \u00e0 S\u00e9oul,&nbsp;<strong>Celio Fioretti<\/strong>.&nbsp;<em>Ces derniers dix jours, des temp\u00e9ratures exceptionnellement \u00e9lev\u00e9es pour cette saison ont \u00e9t\u00e9 enregistr\u00e9es, cr\u00e9ant ainsi des conditions propices aux incendies de for\u00eat. Cet hiver, les pr\u00e9cipitations ont \u00e9t\u00e9 nettement inf\u00e9rieures \u00e0 la normale, et les temp\u00e9ratures moyennes sont bien plus \u00e9lev\u00e9es qu&rsquo;il y a 20 ou 30 ans<\/em>&nbsp;\u00bb, explique-t-il, pr\u00e9sent sur les lieux de l&rsquo;incendie. L&rsquo;ann\u00e9e derni\u00e8re a \u00e9t\u00e9 la plus chaude jamais enregistr\u00e9e en Cor\u00e9e du Sud, avec une temp\u00e9rature annuelle moyenne de 14,5\u00b0C &#8211; deux degr\u00e9s de plus que la moyenne des 30&nbsp;ann\u00e9es pr\u00e9c\u00e9dentes, selon l&rsquo;Administration m\u00e9t\u00e9orologique cor\u00e9enne.<\/p>\n\n\n\n<p>Une s\u00e9cheresse qui tire son origine du r\u00e9chauffement climatique, affirme Seo Jaecheol&nbsp;: \u00ab&nbsp;<em>Cette s\u00e9cheresse exceptionnelle, qui se prolonge de fa\u00e7on in\u00e9dite, est l&rsquo;un des ph\u00e9nom\u00e8nes de d\u00e9r\u00e8glement climatique observ\u00e9s en Cor\u00e9e du Sud depuis 2015, particuli\u00e8rement en hiver et au printemps. Cette situation est bien document\u00e9e et fait l&rsquo;unanimit\u00e9 aupr\u00e8s des scientifiques. C&rsquo;est pour cela que plusieurs feux de for\u00eat, de diff\u00e9rentes ampleurs, se d\u00e9clarent facilement \u00e0 travers les zones bois\u00e9es du pays.<\/em>&nbsp;\u00bb<\/p>\n\n\n\n<h2 class=\"wp-block-heading\">La \u00ab&nbsp;<em>n\u00e9gligence<\/em>&nbsp;\u00bb en guise de tison&nbsp;?<\/h2>\n\n\n\n<p>Quant aux causes imm\u00e9diates, elles sont pour l\u2019instant attribu\u00e9es \u00e0 de la \u00ab&nbsp;<em>n\u00e9gligence&nbsp;<\/em>\u00bb par les autorit\u00e9s&nbsp;: \u00ab&nbsp;<em>On pense que le feu de for\u00eat<\/em>&nbsp;[du district de Uiseong, NDLR]&nbsp;<em>a \u00e9t\u00e9 caus\u00e9 par un individu venu sur une tombe familiale qui y a accidentellement<\/em>&nbsp;\u00bb provoqu\u00e9 le d\u00e9part de feu, a d\u00e9clar\u00e9 le Premier ministre sud-cor\u00e9en et pr\u00e9sident par int\u00e9rim Han Duck-soo lors d&rsquo;une r\u00e9union gouvernementale mardi 25 mars. \u00ab&nbsp;<em>La plupart des feux de for\u00eat sont le fruit de la n\u00e9gligence<\/em>&nbsp;\u00bb, a-t-il ajout\u00e9, invitant la population \u00e0 \u00ab&nbsp;<em>suivre strictement les consignes de pr\u00e9vention&nbsp;<\/em>\u00bb anti-incendie.<\/p>\n\n\n\n<p>Le premier feu s\u2019est d\u00e9clar\u00e9 dans le district de Sancheong (Sud), \u00e0 environ 250 km au sud de la capitale S\u00e9oul. Une \u00e9tincelle venue d\u2019une tondeuse \u00e0 gazon qui serait \u00e0 l\u2019origine du feu, selon diff\u00e9rents m\u00e9dias. Un accident donc, plut\u00f4t que de la n\u00e9gligence.<\/p>\n","protected":false},"excerpt":{"rendered":"<p>Depuis le 21 mars, des feux de for\u00eats, parmi les pires de l&rsquo;histoire sud-cor\u00e9enne, ravagent le sud-est du pays et<\/p>\n","protected":false},"author":1,"featured_media":53984,"comment_status":"open","ping_status":"open","sticky":false,"template":"","format":"standard","meta":{"footnotes":""},"categories":[51],"tags":[],"class_list":["post-53983","post","type-post","status-publish","format-standard","has-post-thumbnail","hentry","category-general"],"_links":{"self":[{"href":"https:\/\/dekkbi.com\/index.php?rest_route=\/wp\/v2\/posts\/53983","targetHints":{"allow":["GET"]}}],"collection":[{"href":"https:\/\/dekkbi.com\/index.php?rest_route=\/wp\/v2\/posts"}],"about":[{"href":"https:\/\/dekkbi.com\/index.php?rest_route=\/wp\/v2\/types\/post"}],"author":[{"embeddable":true,"href":"https:\/\/dekkbi.com\/index.php?rest_route=\/wp\/v2\/users\/1"}],"replies":[{"embeddable":true,"href":"https:\/\/dekkbi.com\/index.php?rest_route=%2Fwp%2Fv2%2Fcomments&post=53983"}],"version-history":[{"count":1,"href":"https:\/\/dekkbi.com\/index.php?rest_route=\/wp\/v2\/posts\/53983\/revisions"}],"predecessor-version":[{"id":53985,"href":"https:\/\/dekkbi.com\/index.php?rest_route=\/wp\/v2\/posts\/53983\/revisions\/53985"}],"wp:featuredmedia":[{"embeddable":true,"href":"https:\/\/dekkbi.com\/index.php?rest_route=\/wp\/v2\/media\/53984"}],"wp:attachment":[{"href":"https:\/\/dekkbi.com\/index.php?rest_route=%2Fwp%2Fv2%2Fmedia&parent=53983"}],"wp:term":[{"taxonomy":"category","embeddable":true,"href":"https:\/\/dekkbi.com\/index.php?rest_route=%2Fwp%2Fv2%2Fcategories&post=53983"},{"taxonomy":"post_tag","embeddable":true,"href":"https:\/\/dekkbi.com\/index.php?rest_route=%2Fwp%2Fv2%2Ftags&post=53983"}],"curies":[{"name":"wp","href":"https:\/\/api.w.org\/{rel}","templated":true}]}}