{"id":53980,"date":"2025-03-26T12:17:16","date_gmt":"2025-03-26T12:17:16","guid":{"rendered":"https:\/\/dekkbi.com\/?p=53980"},"modified":"2025-03-26T12:17:17","modified_gmt":"2025-03-26T12:17:17","slug":"lhostilite-grandissante-de-ladministration-trump-je-partage-ton-aversion-a-aider-gratuitement-les-europeens-cest-pathetique","status":"publish","type":"post","link":"https:\/\/dekkbi.com\/?p=53980","title":{"rendered":"L\u2019hostilit\u00e9 grandissante de l\u2019administration Trump: \u201cJe partage ton aversion \u00e0 aider gratuitement les Europ\u00e9ens. C\u2019est PATH\u00c9TIQUE\u201d"},"content":{"rendered":"\n<p>Plusieurs figures cl\u00e9s de l\u2019administration Trump se retrouvent en mauvaise posture, apr\u00e8s que le r\u00e9dacteur en chef du magazine The Atlantic a \u00e9t\u00e9 accidentellement ajout\u00e9 \u00e0 un groupe secret sur la messagerie Signal. Il a pu assister \u00e0 toute une discussion sur les frappes contre les Houthis au Y\u00e9men. Ignorant totalement sa pr\u00e9sence, le vice-pr\u00e9sident JD Vance et le secr\u00e9taire \u00e0 la D\u00e9fense Pete Hegseth n\u2019ont pas brid\u00e9 leur hostilit\u00e9 envers l\u2019Europe. Voici le d\u00e9roul\u00e9 d\u2019une petite erreur qui pourrait changer le monde.<\/p>\n\n\n\n<p><strong>KVDS, MB\u00a0<\/strong>&#8211; \u00a0<strong>Source:<\/strong>\u00a0HLN, CNN<\/p>\n\n\n\n<p><strong>Mardi 11 mars 2025.<\/strong>&nbsp;Jeffrey Goldberg, r\u00e9dacteur en chef de The Atlantic, re\u00e7oit sur l\u2019application de messagerie Signal une demande de connexion d\u2019un utilisateur se pr\u00e9sentant comme Michael Waltz, le conseiller \u00e0 la s\u00e9curit\u00e9 nationale du pr\u00e9sident Trump. Esp\u00e9rant qu\u2019il s\u2019agit du v\u00e9ritable Michael Waltz et qu\u2019il pourra obtenir une interview, Goldberg accepte la demande. Ensuite, plus rien, pendant deux jours.<\/p>\n\n\n\n<figure class=\"wp-block-image\"><a href=\"https:\/\/www.7sur7.be\/monde\/lhostilite-grandissante-de-ladministration-trump-je-partage-ton-aversion-a-aider-gratuitement-les-europeens-cest-pathetique~ab784acf\/255077126\/\"><img decoding=\"async\" src=\"https:\/\/images.7sur7.be\/YjA3OTRlN2I5OTUwMDVhYmNhYjMvZGlvLzI1NTA3NzEyNi9maXQtd2lkdGgvNjk0\/jeffrey-goldberg\" alt=\"Jeffrey Goldberg.\"\/><\/a><figcaption class=\"wp-element-caption\">Jeffrey Goldberg.&nbsp;\u00a9 Getty Images for The Atlantic<\/figcaption><\/figure>\n\n\n\n<p><strong>Jeudi 13 mars 2025 &#8211; 16h28.&nbsp;<\/strong>Goldberg re\u00e7oit une notification l\u2019informant qu\u2019il a \u00e9t\u00e9 ajout\u00e9 \u00e0 un groupe de discussion Signal nomm\u00e9 \u201cHouthi PC small group\u201d. Michael Waltz y publie un message indiquant qu\u2019un groupe de hauts responsables a \u00e9t\u00e9 constitu\u00e9 \u201cpour coordonner les actions contre les Houthis, en particulier pour les prochaines 72 heures\u201d. Il ajoute: \u201cMerci de nous envoyer le point de contact (POC) de votre \u00e9quipe avec qui nous pourrons assurer la meilleure coordination dans les jours et le week-end \u00e0 venir. Merci.\u201d<\/p>\n\n\n\n<h2 class=\"wp-block-heading\">18 personnes<\/h2>\n\n\n\n<p>Il semble y avoir dix-huit personnes dans le groupe, dont \u201cMAR\u201d (vraisemblablement le secr\u00e9taire d\u2019\u00c9tat am\u00e9ricain Marco Antonio Rubio), \u201cJD Vance\u201d (le vice-pr\u00e9sident), \u201cTG\u201d (probablement Tulsi Gabbard, la directrice du renseignement national), \u201cScott B\u201d (le secr\u00e9taire au Tr\u00e9sor Scott Bessent), \u201cPete Hegseth\u201d (le secr\u00e9taire \u00e0 la D\u00e9fense), \u201cJohn Ratcliffe\u201d (le directeur de la CIA), \u201cSteve Witkoff\u201d (le secr\u00e9taire sp\u00e9cial du pr\u00e9sident pour le Moyen-Orient et l\u2019Ukraine) et \u201cSusie Wiles\u201d (la cheffe de cabinet de la Maison Blanche). Jeffrey Goldberg lui-m\u00eame est r\u00e9pertori\u00e9 sous ses initiales \u201cJG\u201d.<\/p>\n\n\n\n<figure class=\"wp-block-image\"><a href=\"https:\/\/www.7sur7.be\/monde\/lhostilite-grandissante-de-ladministration-trump-je-partage-ton-aversion-a-aider-gratuitement-les-europeens-cest-pathetique~ab784acf\/254461601\/\"><img decoding=\"async\" src=\"https:\/\/images.7sur7.be\/YWVjNTM4Nzc0MTQ1M2M5ZWM5OGQvZGlvLzI1NDQ2MTYwMS9maXQtd2lkdGgvNjk0\/michael-waltz-conseiller-a-la-securite-nationale-du-president-trump\" alt=\"Michael Waltz, conseiller \u00e0 la s\u00e9curit\u00e9 nationale du pr\u00e9sident Trump.\"\/><\/a><figcaption class=\"wp-element-caption\">Michael Waltz, conseiller \u00e0 la s\u00e9curit\u00e9 nationale du pr\u00e9sident Trump.&nbsp;\u00a9 Photo News<\/figcaption><\/figure>\n\n\n\n<h2 class=\"wp-block-heading\">JD Vance critique envers Trump<\/h2>\n\n\n\n<p><strong>Le lendemain, \u00e0 8h05<\/strong>, Michael Waltz publie un message indiquant que tout le monde devrait avoir re\u00e7u un document d\u00e9taillant les t\u00e2ches assign\u00e9es par le pr\u00e9sident via un syst\u00e8me de communication s\u00e9curis\u00e9. Une liste a \u00e9galement \u00e9t\u00e9 \u00e9tablie \u201cpour informer les alli\u00e9s et partenaires r\u00e9gionaux\u201d et pour pr\u00e9ciser \u201cun ordre des \u00e9v\u00e9nements plus d\u00e9taill\u00e9 pour les jours \u00e0 venir\u201d.<\/p>\n\n\n\n<p>S\u2019ensuit une discussion int\u00e9ressante au sein du groupe. Bien que JD Vance ne critique presque jamais Donald Trump en public, dans cette discussion il s\u2019oppose frontalement au pr\u00e9sident. \u201cJe pense que nous faisons une erreur\u201d, \u00e9crit-il dans la conversation. \u201c3% de notre commerce passe par le canal de Suez, contre 40% pour l\u2019Europe. Il existe un r\u00e9el risque que le public ne comprenne pas ou ne voie pas la n\u00e9cessit\u00e9 de cette action. [&#8230;] Je ne suis pas s\u00fbr que le pr\u00e9sident se rende compte \u00e0 quel point cela est incompatible avec son message actuel sur l\u2019Europe.\u201d<\/p>\n\n\n\n<figure class=\"wp-block-image\"><a href=\"https:\/\/www.7sur7.be\/monde\/lhostilite-grandissante-de-ladministration-trump-je-partage-ton-aversion-a-aider-gratuitement-les-europeens-cest-pathetique~ab784acf\/255062211\/\"><img decoding=\"async\" src=\"https:\/\/images.7sur7.be\/NmQ2N2M2ZDQ2N2QyMGY4OWFmNmYvZGlvLzI1NTA2MjIxMS9maXQtd2lkdGgvNjk0\/jd-vance\" alt=\"JD Vance.\"\/><\/a><figcaption class=\"wp-element-caption\">JD Vance.&nbsp;\u00a9 AP<\/figcaption><\/figure>\n\n\n\n<h2 class=\"wp-block-heading\">Aider les Europ\u00e9ens: \u201cpath\u00e9tique\u201d<\/h2>\n\n\n\n<p>Vance propose alors de reporter l\u2019op\u00e9ration d\u2019un mois \u201cpour mieux travailler sur la communication concernant son importance, analyser l\u2019\u00e9tat de l\u2019\u00e9conomie, etc.\u201d Mais Pete Hegseth s\u2019y oppose fermement, affirmant que ce d\u00e9lai \u201cne changera rien\u201d et plaidant pour une action imm\u00e9diate. Il r\u00e9pond toutefois \u00e0 Vance qu\u2019il comprend son point de vue: \u201cJe partage ton aversion \u00e0 aider gratuitement les Europ\u00e9ens. C\u2019est PATH\u00c9TIQUE\u201d.<\/p>\n\n\n\n<p>Waltz intervient en soulignant que \u201cla marine europ\u00e9enne a des capacit\u00e9s limit\u00e9es\u201d et que \u201cseuls les \u00c9tats-Unis sont en mesure de rouvrir ces routes maritimes\u201d. Finalement, Vance finit par c\u00e9der, tout en exprimant une derni\u00e8re fois le fond de sa pens\u00e9e: \u201cJe d\u00e9teste tout simplement venir en aide \u00e0 l\u2019Europe une fois de plus.\u201d<\/p>\n\n\n\n<p>Le lendemain, samedi 15 mars, 11h44. Hegseth publie une mise \u00e0 jour sur la situation. Selon Jeffrey Goldberg, il partage alors \u201cdes d\u00e9tails op\u00e9rationnels\u201d sur les frappes imminentes au Y\u00e9men, y compris \u201cdes informations sur les cibles, les armes que les \u00c9tats-Unis comptent utiliser et le planning des attaques\u201d.<\/p>\n\n\n\n<p>Le seul \u00e0 r\u00e9agir est Vance, qui \u00e9crit : \u201cJe prierai pour la victoire.\u201d<\/p>\n\n\n\n<h2 class=\"wp-block-heading\">Des explosions au Y\u00e9men<\/h2>\n\n\n\n<p>D\u2019apr\u00e8s le planning publi\u00e9 par Pete Hegseth, les premi\u00e8res frappes au Y\u00e9men doivent survenir deux heures plus tard. Et c\u2019est exactement ce qui se produit.<\/p>\n\n\n\n<p>\u00c0 13h48, un nouveau message de Michael Waltz tombe dans le groupe Signal. Il qualifie l\u2019op\u00e9ration de \u201ctravail remarquable\u201d, un avis partag\u00e9 par John Ratcliffe : \u201cUn bon d\u00e9but.\u201d<\/p>\n\n\n\n<p>Les autres suivent: m\u00eame Susie Wiles, la cheffe de cabinet de la Maison-Blanche \u2013 souvent qualifi\u00e9e de \u201cseule adulte dans la pi\u00e8ce\u201d \u2013 fait part de son enthousiasme. \u201cF\u00e9licitations \u00e0 tous \u2013 en particulier \u00e0 ceux sur le terrain et \u00e0 CENTCOM (le Commandement central des forces arm\u00e9es am\u00e9ricaines)! Vraiment impressionnant. Que Dieu vous b\u00e9nisse.\u201d<\/p>\n\n\n\n<p>Plus tard, une r\u00e9union de d\u00e9briefing est organis\u00e9e pour \u00e9valuer les d\u00e9g\u00e2ts caus\u00e9s. Le minist\u00e8re de la Sant\u00e9 du Y\u00e9men, contr\u00f4l\u00e9 par les Houthis, rapportera ensuite qu\u2019au moins 53 personnes ont \u00e9t\u00e9 tu\u00e9es dans les attaques, un chiffre qui n\u2019a pas pu \u00eatre v\u00e9rifi\u00e9 de mani\u00e8re ind\u00e9pendante.<\/p>\n\n\n\n<h2 class=\"wp-block-heading\">Un \u00e9change authentique<\/h2>\n\n\n\n<p>D\u2019apr\u00e8s Jeffrey Goldberg, r\u00e9dacteur en chef de The Atlantic, cette conversation Signal \u00e9tait \u201cvraisemblablement authentique\u201d, ce que le porte-parole du Conseil national de s\u00e9curit\u00e9, Brian Hughes, a confirm\u00e9 depuis.<\/p>\n\n\n\n<p>Depuis le d\u00e9but de la guerre \u00e0 Gaza, il y a deux ans, les Houthis ont lanc\u00e9 une campagne de frappe et de d\u00e9tournement contre les cargos qui transitent en mer Rouge et dans le golfe d\u2019Aden. Les rebelles chiites pr\u00e9sentent ces actions comme un soutien \u00e0 la lutte des Palestiniens. Ces attaques ont perturb\u00e9 la s\u00e9curit\u00e9 maritime et les routes commerciales internationales, entra\u00eenant le d\u00e9ployement de plusieurs navires de guerre occidentaux, ainsi que des frappes de repr\u00e9sailles de la part des \u00c9tats-Unis et du Royaume-Uni.<\/p>\n","protected":false},"excerpt":{"rendered":"<p>Plusieurs figures cl\u00e9s de l\u2019administration Trump se retrouvent en mauvaise posture, apr\u00e8s que le r\u00e9dacteur en chef du magazine The<\/p>\n","protected":false},"author":1,"featured_media":53981,"comment_status":"open","ping_status":"open","sticky":false,"template":"","format":"standard","meta":{"footnotes":""},"categories":[6],"tags":[],"class_list":["post-53980","post","type-post","status-publish","format-standard","has-post-thumbnail","hentry","category-politics"],"_links":{"self":[{"href":"https:\/\/dekkbi.com\/index.php?rest_route=\/wp\/v2\/posts\/53980","targetHints":{"allow":["GET"]}}],"collection":[{"href":"https:\/\/dekkbi.com\/index.php?rest_route=\/wp\/v2\/posts"}],"about":[{"href":"https:\/\/dekkbi.com\/index.php?rest_route=\/wp\/v2\/types\/post"}],"author":[{"embeddable":true,"href":"https:\/\/dekkbi.com\/index.php?rest_route=\/wp\/v2\/users\/1"}],"replies":[{"embeddable":true,"href":"https:\/\/dekkbi.com\/index.php?rest_route=%2Fwp%2Fv2%2Fcomments&post=53980"}],"version-history":[{"count":1,"href":"https:\/\/dekkbi.com\/index.php?rest_route=\/wp\/v2\/posts\/53980\/revisions"}],"predecessor-version":[{"id":53982,"href":"https:\/\/dekkbi.com\/index.php?rest_route=\/wp\/v2\/posts\/53980\/revisions\/53982"}],"wp:featuredmedia":[{"embeddable":true,"href":"https:\/\/dekkbi.com\/index.php?rest_route=\/wp\/v2\/media\/53981"}],"wp:attachment":[{"href":"https:\/\/dekkbi.com\/index.php?rest_route=%2Fwp%2Fv2%2Fmedia&parent=53980"}],"wp:term":[{"taxonomy":"category","embeddable":true,"href":"https:\/\/dekkbi.com\/index.php?rest_route=%2Fwp%2Fv2%2Fcategories&post=53980"},{"taxonomy":"post_tag","embeddable":true,"href":"https:\/\/dekkbi.com\/index.php?rest_route=%2Fwp%2Fv2%2Ftags&post=53980"}],"curies":[{"name":"wp","href":"https:\/\/api.w.org\/{rel}","templated":true}]}}