{"id":53974,"date":"2025-03-26T12:10:17","date_gmt":"2025-03-26T12:10:17","guid":{"rendered":"https:\/\/dekkbi.com\/?p=53974"},"modified":"2025-03-26T12:11:02","modified_gmt":"2025-03-26T12:11:02","slug":"le-combat-reug-reug-v-boy-niang-2-confirme-palla-diop-manager-reug-reug-nous-avons-discute-et-nous-sommes-tombes-daccord-pour-lutter-le-29-juin","status":"publish","type":"post","link":"https:\/\/dekkbi.com\/?p=53974","title":{"rendered":"Le combat Reug Reug v Boy Niang 2 confirm\u00e9 \u2013 Palla Diop (manager Reug Reug): \u00abNous avons discut\u00e9 et nous sommes tomb\u00e9s d\u2019accord pour lutter le 29 juin \u2026\u00bb"},"content":{"rendered":"\n<p><a href=\"https:\/\/www.facebook.com\/sharer.php?u=https%3A%2F%2Fwiwsport.com%2F2025%2F03%2F25%2Fle-combat-reug-reug-v-boy-niang-2-confirme-palla-diop-manager-reug-reug-nous-avons-discute-et-nous-sommes-tombes-daccord-pour-lutter-le-29-juin%2F\"><\/a><a href=\"https:\/\/twitter.com\/intent\/tweet?text=Le%20combat%20Reug%20Reug%20v%20Boy%20Niang%202%20confirm%C3%A9%20%E2%80%93%20Palla%20Diop%20%28manager%20Reug%20Reug%29%20%3A%20%C2%AB%20Nous%20avons%20discut%C3%A9%20et%20nous%20sommes%20tomb%C3%A9s%20d%E2%80%99accord%20pour%20lutter%20le%2029%20juin%20%E2%80%A6%C2%BB%20via%20%40wiwsport&amp;url=https%3A%2F%2Fwiwsport.com%2F2025%2F03%2F25%2Fle-combat-reug-reug-v-boy-niang-2-confirme-palla-diop-manager-reug-reug-nous-avons-discute-et-nous-sommes-tombes-daccord-pour-lutter-le-29-juin%2F\"><\/a><a href=\"https:\/\/api.whatsapp.com\/send?text=Le%20combat%20Reug%20Reug%20v%20Boy%20Niang%202%20confirm%C3%A9%20%E2%80%93%20Palla%20Diop%20%28manager%20Reug%20Reug%29%20%3A%20%C2%AB%20Nous%20avons%20discut%C3%A9%20et%20nous%20sommes%20tomb%C3%A9s%20d%E2%80%99accord%20pour%20lutter%20le%2029%20juin%20%E2%80%A6%C2%BB%0Ahttps%3A%2F%2Fwiwsport.com%2F2025%2F03%2F25%2Fle-combat-reug-reug-v-boy-niang-2-confirme-palla-diop-manager-reug-reug-nous-avons-discute-et-nous-sommes-tombes-daccord-pour-lutter-le-29-juin%2F\"><\/a><a href=\"https:\/\/wiwsport.com\/2025\/03\/25\/le-combat-reug-reug-v-boy-niang-2-confirme-palla-diop-manager-reug-reug-nous-avons-discute-et-nous-sommes-tombes-daccord-pour-lutter-le-29-juin\/#\"><\/a>Gaston Productions et le camp de Reug Reug ont trouv\u00e9 un terrain d\u2019entente afin de maintenir la date du choc entre le fils de De Gaulle et la foudre de Thiaroye.<\/p>\n\n\n\n<p>C\u2019est un d\u00e9nouement heureux dans l\u2019affaire du combat Reug Reug v Boy Niang. Le dilemme s\u2019est r\u00e9gl\u00e9 autour d\u2019une table entre le camp de Reug Reug et le promoteur Makane Mbengue qui a re\u00e7u ce mardi la d\u00e9l\u00e9gation compos\u00e9e des managers Palla Diop, Leyti S\u00e8ne, Modou S\u00e8ne et Reug Reug lui m\u00eame.<\/p>\n\n\n\n<p>Palla Diop s\u2019est ainsi montr\u00e9 satisfait que les deux camps se retrouvent pour mettre en avant l\u2019int\u00e9r\u00eat de la lutte s\u00e9n\u00e9galaise et ainsi sauver ce gros choc.<\/p>\n\n\n\n<p>\u201c<em>Nous avons discut\u00e9 et nous sommes tomb\u00e9s d\u2019accord pour lutter le 29 juin. Reug Reug est un combattant de MMA, un champion du monde et il a un agenda \u00e0 respecter. C\u2019est pourquoi il fallait qu\u2019on se retrouve d\u2019abord entre nous pour discuter avant de rencontrer le promoteur pour aborder le sujet<\/em>\u201d a d\u00e9clar\u00e9 Palla Diop.<\/p>\n\n\n\n<p>Tombeur de Bombardier, Reug Reug tentera donc d\u2019aligner une nouvelle victoire contre&nbsp;&nbsp;Boy Niang 2 qui avait mordu la poussi\u00e8re lors de son dernier combat face au roi des ar\u00e8nes Modou L\u00f4.<\/p>\n\n\n\n<p>Wiwsport.com<\/p>\n","protected":false},"excerpt":{"rendered":"<p>Gaston Productions et le camp de Reug Reug ont trouv\u00e9 un terrain d\u2019entente afin de maintenir la date du choc<\/p>\n","protected":false},"author":1,"featured_media":53975,"comment_status":"open","ping_status":"open","sticky":false,"template":"","format":"standard","meta":{"footnotes":""},"categories":[9],"tags":[],"class_list":["post-53974","post","type-post","status-publish","format-standard","has-post-thumbnail","hentry","category-sports"],"_links":{"self":[{"href":"https:\/\/dekkbi.com\/index.php?rest_route=\/wp\/v2\/posts\/53974","targetHints":{"allow":["GET"]}}],"collection":[{"href":"https:\/\/dekkbi.com\/index.php?rest_route=\/wp\/v2\/posts"}],"about":[{"href":"https:\/\/dekkbi.com\/index.php?rest_route=\/wp\/v2\/types\/post"}],"author":[{"embeddable":true,"href":"https:\/\/dekkbi.com\/index.php?rest_route=\/wp\/v2\/users\/1"}],"replies":[{"embeddable":true,"href":"https:\/\/dekkbi.com\/index.php?rest_route=%2Fwp%2Fv2%2Fcomments&post=53974"}],"version-history":[{"count":3,"href":"https:\/\/dekkbi.com\/index.php?rest_route=\/wp\/v2\/posts\/53974\/revisions"}],"predecessor-version":[{"id":53979,"href":"https:\/\/dekkbi.com\/index.php?rest_route=\/wp\/v2\/posts\/53974\/revisions\/53979"}],"wp:featuredmedia":[{"embeddable":true,"href":"https:\/\/dekkbi.com\/index.php?rest_route=\/wp\/v2\/media\/53975"}],"wp:attachment":[{"href":"https:\/\/dekkbi.com\/index.php?rest_route=%2Fwp%2Fv2%2Fmedia&parent=53974"}],"wp:term":[{"taxonomy":"category","embeddable":true,"href":"https:\/\/dekkbi.com\/index.php?rest_route=%2Fwp%2Fv2%2Fcategories&post=53974"},{"taxonomy":"post_tag","embeddable":true,"href":"https:\/\/dekkbi.com\/index.php?rest_route=%2Fwp%2Fv2%2Ftags&post=53974"}],"curies":[{"name":"wp","href":"https:\/\/api.w.org\/{rel}","templated":true}]}}