{"id":53970,"date":"2025-03-26T12:04:50","date_gmt":"2025-03-26T12:04:50","guid":{"rendered":"https:\/\/dekkbi.com\/?p=53970"},"modified":"2025-03-26T12:05:55","modified_gmt":"2025-03-26T12:05:55","slug":"revision-du-code-du-tourisme-le-senegal-vers-un-cadre-reglementaire-stable","status":"publish","type":"post","link":"https:\/\/dekkbi.com\/?p=53970","title":{"rendered":"R\u00e9vision du code du tourisme: Le S\u00e9n\u00e9gal vers un cadre r\u00e9glementaire stable"},"content":{"rendered":"\n<p>Le Minist\u00e8re du Tourisme et de l\u2019artisanat a organis\u00e9 une r\u00e9union de partage et de validation de l\u2019avant -projet de code du tourisme et de ses textes d\u2019application, ce mardi 25 mars 2025. Cet atelier entre dans le cadre des besoins de la mise \u00e0 jour du cadre juridique r\u00e9gissant le secteur touristique. Au cours de cette rencontre, les principaux acteurs institutionnels et professionnels du secteur ont recueilli des observations et recommandations avant la finalisation du texte.<\/p>\n\n\n\n<p>Pour le directeur de cabinet du ministre du tourisme et de l\u2019artisanat, Thierno Mademba Gaye, le but est de r\u00e9\u00e9tudier le code du tourisme. En fait, il s\u2019agit d\u2019un avant-projet de loi qui avait \u00e9t\u00e9 soumis depuis 2023 mais qui n\u2019\u00e9tait pas all\u00e9 au bout du processus. Si l&rsquo;on en croit ses dires, cette rencontre s\u2019inscrit dans la dynamique du r\u00e9f\u00e9rentiel S\u00e9n\u00e9gal 2050 propos\u00e9 par les nouvelles autorit\u00e9s.&nbsp;<\/p>\n\n\n\n<p>Sur ce, le repr\u00e9sentant du ministre de tutelle a invit\u00e9 le secteur priv\u00e9 \u00e0 venir participer aux travaux puisque c\u2019est un processus inclusif. Parce qu\u2019il conviendra aux acteurs d\u2019examiner, avant de le soumettre au gouvernement. Dans la m\u00eame veine, le directeur de cabinet a \u00e9voqu\u00e9 le renforcement de certains axes pour ne pas bouleverser le projet de loi soumis en 2023 car le tourisme est un levier de croissance. Et pour ce faire, il propose un cadre r\u00e9glementaire bien assis pour permettre au secteur priv\u00e9 de venir investir et que ses investissements soient s\u00e9curis\u00e9s de m\u00eame que les personnes et les touristes.&nbsp;<\/p>\n\n\n\n<p>Interpell\u00e9 sur la place pr\u00e9pond\u00e9rante du tourisme religieux, ce dernier confirme que les statistiques ont montr\u00e9 une stagnation des arriv\u00e9es. Alors pour rebooster le secteur du Tourisme, le directeur de cabinet pense \u00e0 d&rsquo;autres niches comme &nbsp;&nbsp;le tourisme culturel appel\u00e9 religieux ou tourisme interne. \u00c0 ce sujet, il atteste que le S\u00e9n\u00e9gal s\u2019est positionn\u00e9 sur le baln\u00e9aire qui a atteint un peu ses limites.<\/p>\n\n\n\n<p>Ainsi, une bonne communication est pour celui-ci fondamentale si l\u2019on prend l\u2019exemple des conditions d\u2019accueil des p\u00e8lerins dans les sites religieux mais \u00e9galement de retracer un parcours de certains guides. Ce qui d\u2019apr\u00e8s lui permettra par exemple aux fid\u00e8les nig\u00e9rians de venir au S\u00e9n\u00e9gal sur les traces de Baye.<\/p>\n\n\n\n<p>Outre cela, l\u2019aspect s\u00e9curitaire est aussi \u00e0 tenir en compte \u00e0 cause de multiples agressions au niveau du baln\u00e9aire.&nbsp; Selon le Dir Cab du ministre du Tourisme, les \u00e9tablissements touristiques doivent avoir un minimum de s\u00e9curit\u00e9 \u00e0 assurer soit par des soci\u00e9t\u00e9s priv\u00e9es soit par des gens qu&rsquo;ils vont eux m\u00eame recruter, mais aussi l\u2019aide des services de gendarmerie. S\u2019agissant des sites abandonn\u00e9s principalement en Casamance et au niveau de Saly, il note l\u2019\u00e9rosion c\u00f4ti\u00e8re et la raret\u00e9 des touristes. \u00c0 ce niveau, un recensement sera fait afin de faire l\u2019\u00e9tat des lieux et l\u2019identification de ses promoteurs. \u00ab\u00a0C\u2019est sur cette base que les acteurs vont proposer des pistes de solutions\u00a0\u00bb, souligne-t-il.&nbsp;&nbsp;<\/p>\n\n\n\n<p>SOURCE DAKARACTU<\/p>\n","protected":false},"excerpt":{"rendered":"<p>Le Minist\u00e8re du Tourisme et de l\u2019artisanat a organis\u00e9 une r\u00e9union de partage et de validation de l\u2019avant -projet de<\/p>\n","protected":false},"author":1,"featured_media":50803,"comment_status":"open","ping_status":"open","sticky":false,"template":"","format":"standard","meta":{"footnotes":""},"categories":[6],"tags":[],"class_list":["post-53970","post","type-post","status-publish","format-standard","has-post-thumbnail","hentry","category-politics"],"_links":{"self":[{"href":"https:\/\/dekkbi.com\/index.php?rest_route=\/wp\/v2\/posts\/53970","targetHints":{"allow":["GET"]}}],"collection":[{"href":"https:\/\/dekkbi.com\/index.php?rest_route=\/wp\/v2\/posts"}],"about":[{"href":"https:\/\/dekkbi.com\/index.php?rest_route=\/wp\/v2\/types\/post"}],"author":[{"embeddable":true,"href":"https:\/\/dekkbi.com\/index.php?rest_route=\/wp\/v2\/users\/1"}],"replies":[{"embeddable":true,"href":"https:\/\/dekkbi.com\/index.php?rest_route=%2Fwp%2Fv2%2Fcomments&post=53970"}],"version-history":[{"count":2,"href":"https:\/\/dekkbi.com\/index.php?rest_route=\/wp\/v2\/posts\/53970\/revisions"}],"predecessor-version":[{"id":53973,"href":"https:\/\/dekkbi.com\/index.php?rest_route=\/wp\/v2\/posts\/53970\/revisions\/53973"}],"wp:featuredmedia":[{"embeddable":true,"href":"https:\/\/dekkbi.com\/index.php?rest_route=\/wp\/v2\/media\/50803"}],"wp:attachment":[{"href":"https:\/\/dekkbi.com\/index.php?rest_route=%2Fwp%2Fv2%2Fmedia&parent=53970"}],"wp:term":[{"taxonomy":"category","embeddable":true,"href":"https:\/\/dekkbi.com\/index.php?rest_route=%2Fwp%2Fv2%2Fcategories&post=53970"},{"taxonomy":"post_tag","embeddable":true,"href":"https:\/\/dekkbi.com\/index.php?rest_route=%2Fwp%2Fv2%2Ftags&post=53970"}],"curies":[{"name":"wp","href":"https:\/\/api.w.org\/{rel}","templated":true}]}}